{"id":40019,"date":"2023-11-02T12:25:03","date_gmt":"2023-11-02T11:25:03","guid":{"rendered":"https:\/\/gamn.org\/regionalni-sastanak-zelenih-poslanickih-grupa-zapadnog-balkana-odrzan-u-beogradu\/"},"modified":"2024-01-18T12:28:10","modified_gmt":"2024-01-18T11:28:10","slug":"mbahet-ne-beograd-mbledhja-rajonale-e-grupeve-parlamentare-te-gjelbla-te-ballkanit-perendimor","status":"publish","type":"post","link":"https:\/\/gamn.org\/sq\/mbahet-ne-beograd-mbledhja-rajonale-e-grupeve-parlamentare-te-gjelbla-te-ballkanit-perendimor\/","title":{"rendered":"MBAHET N\u00cb BEOGRAD MBLEDHJA RAJONALE E GRUPEVE PARLAMENTARE T\u00cb GJELBLA T\u00cb BALLKANIT PER\u00cbNDIMOR"},"content":{"rendered":"<p>M\u00eb 31 tetor 2023, n\u00eb Beograd u mbajt Takimi Rajonal i Grupeve Parlamentare t\u00eb Gjelb\u00ebr t\u00eb Ballkanit Per\u00ebndimor. Ky takim mblodhi s\u00eb bashku nj\u00eb grup t\u00eb ndrysh\u00ebm pjes\u00ebmarr\u00ebsish nga i gjith\u00eb Ballkani Per\u00ebndimor dhe demonstroi p\u00ebrkushtimin e pal\u00ebve t\u00eb ndryshme t\u00eb interesit, duke p\u00ebrfshir\u00eb an\u00ebtar\u00ebt e ZPG (Grupet Parlamentare t\u00eb Gjelb\u00ebr) n\u00eb t\u00eb gjith\u00eb Ballkanin Per\u00ebndimor, an\u00ebtar\u00eb t\u00eb stafit nga Parlamentet e Ballkanit Per\u00ebndimor, p\u00ebrfaq\u00ebsues t\u00eb Shkoll\u00ebs i Studimeve Politike dhe nj\u00eb ekip i p\u00ebrkushtuar nga ORF- ETC.<\/p>\n<p>Takimi rajonal organizohet n\u00eb dy seksione t\u00eb ve\u00e7anta, secili me nj\u00eb fokus dhe q\u00ebllim t\u00eb ve\u00e7ant\u00eb.<\/p>\n<p>Pjesa e par\u00eb: Vizita e Komunitetit t\u00eb Transportit Gjysma e par\u00eb e takimit iu kushtua nj\u00eb vizite n\u00eb Komunitetin e Transportit, ku pjes\u00ebmarr\u00ebsit pat\u00ebn mund\u00ebsin\u00eb t\u00eb takojn\u00eb Matej Zakonj\u0161ek, drejtor i Sekretariatit t\u00eb P\u00ebrhersh\u00ebm t\u00eb Komunitetit t\u00eb Transportit. Z. Zakonj\u0161ek theksoi r\u00ebnd\u00ebsin\u00eb e bashk\u00ebpunimit t\u00eb t\u00eb gjitha pal\u00ebve t\u00eb interesuara p\u00ebr t\u00eb arritur integrimin e plot\u00eb t\u00eb tregjeve t\u00eb transportit t\u00eb Ballkanit Per\u00ebndimor me Bashkimin Evropian. Ai shtjelloi pun\u00ebn e Komunitetit t\u00eb Transportit dhe rolin e tij ky\u00e7 n\u00eb Ballkanin Per\u00ebndimor, duke theksuar nevoj\u00ebn p\u00ebr t\u00eb shtuar p\u00ebrpjekjet n\u00eb fushat e m\u00ebposhtme:<\/p>\n<p>Rinovimi dhe p\u00ebrmir\u00ebsimi i porteve: Theksimi i nevoj\u00ebs p\u00ebr modernizimin dhe p\u00ebrmir\u00ebsimin e porteve n\u00eb t\u00eb gjith\u00eb vendet e Ballkanit Per\u00ebndimor.<br \/>\nP\u00ebrmir\u00ebsimet hekurudhore: Theksimi i r\u00ebnd\u00ebsis\u00eb s\u00eb p\u00ebrmir\u00ebsimit dhe zgjerimit t\u00eb rrjeteve hekurudhore p\u00ebr t\u00eb p\u00ebrmir\u00ebsuar lidhjen.<br \/>\nP\u00ebrmir\u00ebsimet e kalimit kufitar: Duke marr\u00eb parasysh r\u00ebnd\u00ebsin\u00eb e optimizimit t\u00eb procedurave t\u00eb kalimit kufitar.<br \/>\nZbatimi i standardeve: Theksimi i adoptimit t\u00eb praktikave t\u00eb standardizuara p\u00ebr t\u00eb p\u00ebrafruar me standardet e BE-s\u00eb n\u00eb t\u00eb gjith\u00eb Ballkanin Per\u00ebndimor.<\/p>\n<p>Z. Zakonj\u0161ek e mbylli prezantimin e tij hap\u00ebs duke iu drejtuar drejtp\u00ebrdrejt pjes\u00ebmarr\u00ebsve, duke th\u00ebn\u00eb: &#8220;Ju jeni nj\u00eb nga njer\u00ebzit ky\u00e7 q\u00eb do t&#8217;i ndihmoni qytetar\u00ebt t\u00eb arrijn\u00eb p\u00ebrfitime konkrete&#8221;. Ne kemi nevoj\u00eb p\u00ebr mb\u00ebshtetjen tuaj, sepse vet\u00ebm s\u00eb bashku mund t\u00eb realizojm\u00eb projekte t\u00eb caktuara\u201d. Ai theksoi fokusin unik tek zgjerimi dhe vuri n\u00eb dukje se &#8220;zgjerimi nuk ka qen\u00eb kurr\u00eb m\u00eb n\u00eb axhend\u00eb sesa tani&#8221;.<\/p>\n<p><img fetchpriority=\"high\" decoding=\"async\" class=\"aligncenter size-full wp-image-36764\" src=\"https:\/\/gamn.org\/wp-content\/uploads\/2023\/11\/IMG_5408-1.jpg\" alt=\"\" width=\"1600\" height=\"1200\" \/><\/p>\n<p>Pas nj\u00eb fjalimi interesant, z. Zakonj\u0161eka, Jasna Sekulovi\u0107, menaxhere e komponent\u00ebve t\u00eb programit ORF-ETC, mori fjal\u00ebn p\u00ebr t\u00eb dh\u00ebn\u00eb kontekstin e m\u00ebtejsh\u00ebm t\u00eb takimit. Znj. Sekulovi\u0107 prezantoi shkurtimisht ORF-ETC (Fondi i Hapur Rajonal p\u00ebr Evrop\u00ebn Juglindore &#8211; Energjia, Transporti dhe Mbrojtja e Klim\u00ebs), duke theksuar arritjet e jasht\u00ebzakonshme t\u00eb faz\u00ebs s\u00eb m\u00ebparshme ORF-ETC. Ajo vazhdoi t\u00eb prezantoj\u00eb projektin n\u00eb vazhdim &#8220;Zhvillimi i Kapaciteteve t\u00eb Grupeve Parlamentare Joformale t\u00eb Gjelb\u00ebrta nga Evropa Juglindore p\u00ebr Q\u00ebllimet e Energjis\u00eb dhe Transportit t\u00eb lidhura me BE&#8221; dhe preku shkurtimisht aktivitetet emocionuese t\u00eb projektit ZPG dhe iniciativat rajonale. Gjithashtu, znj. Sekuloviq i shprehu mir\u00ebseardhjen z. Zakonje\u0161ek p\u00ebr bashk\u00ebpunimin, duke theksuar r\u00ebnd\u00ebsin\u00eb jetike t\u00eb forcimit t\u00eb sinergjis\u00eb midis ZPG-s\u00eb n\u00eb t\u00eb gjith\u00eb Ballkanin Per\u00ebndimor dhe Sekretariatit t\u00eb komunitetit t\u00eb transportit. Ky theksim n\u00eb bashk\u00ebpunimin nd\u00ebrmjet aktor\u00ebve kryesor\u00eb tregon nj\u00eb angazhim t\u00eb p\u00ebrbashk\u00ebt p\u00ebr t\u00eb nxitur ndryshime pozitive n\u00eb rajon dhe p\u00ebrafrim me standardet e Bashkimit Evropian p\u00ebr objektivat e energjis\u00eb dhe transportit.<br \/>\n<img decoding=\"async\" class=\"aligncenter size-full wp-image-36767\" src=\"https:\/\/gamn.org\/wp-content\/uploads\/2023\/11\/IMG_5401-1.jpg\" alt=\"\" width=\"1600\" height=\"1200\" \/><\/p>\n<p>Seksioni i dyt\u00eb: Draft Plani i Veprimit GPG p\u00ebr Aktivitetet e P\u00ebrbashk\u00ebta Rajonale dhe t\u00eb Sinkronizuara t\u00eb Axhend\u00ebs s\u00eb Gjelb\u00ebr. Pjesa e dyt\u00eb e takimit rajonal u fokusua n\u00eb prezantimin e draft Planit t\u00eb Veprimit t\u00eb GPG p\u00ebr aktivitetet e p\u00ebrbashk\u00ebta rajonale dhe t\u00eb sinkronizuara t\u00eb Axhend\u00ebs s\u00eb Gjelb\u00ebr. Pjes\u00ebmarr\u00ebsit mor\u00ebn pjes\u00eb n\u00eb diskutime t\u00eb frytshme dhe arrit\u00ebn nj\u00eb konsensus p\u00ebrfundimtar p\u00ebr aktivitetet e ardhshme t\u00eb p\u00ebrbashk\u00ebta, duke theksuar angazhimin p\u00ebr nj\u00eb t\u00eb ardhme m\u00eb t\u00eb gjelb\u00ebr t\u00eb Ballkanit Per\u00ebndimor.<\/p>\n<p>Ky takim rajonal i ZPG-s\u00eb ishte nj\u00eb mund\u00ebsi e jasht\u00ebzakonshme p\u00ebr pjes\u00ebmarr\u00ebsit p\u00ebr t\u00eb shk\u00ebmbyer ide, p\u00ebr t\u00eb bashk\u00ebpunuar dhe punuar s\u00eb bashku p\u00ebr t\u00eb zgjidhur \u00e7\u00ebshtje kritike q\u00eb lidhen me politik\u00ebn e transportit dhe mjedisit n\u00eb rajon.<\/p>\n<div id=\"gallery-1\" class=\"gallery galleryid-36729 gallery-columns-3 gallery-size-large\">\n<figure class=\"gallery-item\">\n<div class=\"gallery-icon landscape\"><a href=\"https:\/\/gamn.org\/regionalni-sastanak-zelenih-poslanickih-grupa-zapadnog-balkana-odrzan-u-beogradu\/img_5407-3-2\/\"><img decoding=\"async\" class=\"attachment-large size-large\" src=\"https:\/\/gamn.org\/wp-content\/uploads\/2023\/11\/IMG_5407-2.jpg\" alt=\"\" width=\"1024\" height=\"768\" \/><\/a><\/div>\n<\/figure>\n<figure class=\"gallery-item\">\n<div class=\"gallery-icon landscape\"><a href=\"https:\/\/gamn.org\/regionalni-sastanak-zelenih-poslanickih-grupa-zapadnog-balkana-odrzan-u-beogradu\/img_5406-2\/\"><img loading=\"lazy\" decoding=\"async\" class=\"attachment-large size-large\" src=\"https:\/\/gamn.org\/wp-content\/uploads\/2023\/11\/IMG_5406.jpg\" alt=\"\" width=\"1024\" height=\"768\" \/><\/a><\/div>\n<\/figure>\n<figure class=\"gallery-item\">\n<div class=\"gallery-icon landscape\"><a href=\"https:\/\/gamn.org\/regionalni-sastanak-zelenih-poslanickih-grupa-zapadnog-balkana-odrzan-u-beogradu\/img_5405-2\/\"><img loading=\"lazy\" decoding=\"async\" class=\"attachment-large size-large\" src=\"https:\/\/gamn.org\/wp-content\/uploads\/2023\/11\/IMG_5405.jpg\" alt=\"\" width=\"1024\" height=\"768\" \/><\/a><\/div>\n<\/figure>\n<figure class=\"gallery-item\">\n<div class=\"gallery-icon landscape\"><a href=\"https:\/\/gamn.org\/regionalni-sastanak-zelenih-poslanickih-grupa-zapadnog-balkana-odrzan-u-beogradu\/img_5404-2-2\/\"><img loading=\"lazy\" decoding=\"async\" class=\"attachment-large size-large\" src=\"https:\/\/gamn.org\/wp-content\/uploads\/2023\/11\/IMG_5404-1.jpg\" alt=\"\" width=\"1024\" height=\"768\" \/><\/a><\/div>\n<\/figure>\n<figure class=\"gallery-item\">\n<div class=\"gallery-icon landscape\"><a href=\"https:\/\/gamn.org\/regionalni-sastanak-zelenih-poslanickih-grupa-zapadnog-balkana-odrzan-u-beogradu\/img_5403-2-2\/\"><img loading=\"lazy\" decoding=\"async\" class=\"attachment-large size-large\" src=\"https:\/\/gamn.org\/wp-content\/uploads\/2023\/11\/IMG_5403-1.jpg\" alt=\"\" width=\"1024\" height=\"768\" \/><\/a><\/div>\n<\/figure>\n<figure class=\"gallery-item\">\n<div class=\"gallery-icon landscape\"><a href=\"https:\/\/gamn.org\/regionalni-sastanak-zelenih-poslanickih-grupa-zapadnog-balkana-odrzan-u-beogradu\/img_5402-2-2\/\"><img loading=\"lazy\" decoding=\"async\" class=\"attachment-large size-large\" src=\"https:\/\/gamn.org\/wp-content\/uploads\/2023\/11\/IMG_5402-2.jpg\" alt=\"\" width=\"1024\" height=\"768\" \/><\/a><\/div>\n<\/figure>\n<\/div>\n","protected":false},"excerpt":{"rendered":"<p>M\u00eb 31 tetor 2023, n\u00eb Beograd u mbajt Takimi Rajonal i Grupeve Parlamentare t\u00eb Gjelb\u00ebr t\u00eb Ballkanit Per\u00ebndimor. Ky takim mblodhi s\u00eb bashku nj\u00eb grup t\u00eb ndrysh\u00ebm pjes\u00ebmarr\u00ebsish nga i gjith\u00eb Ballkani Per\u00ebndimor dhe demonstroi p\u00ebrkushtimin e pal\u00ebve t\u00eb ndryshme t\u00eb interesit, duke p\u00ebrfshir\u00eb an\u00ebtar\u00ebt e ZPG (Grupet Parlamentare t\u00eb Gjelb\u00ebr) n\u00eb t\u00eb gjith\u00eb Ballkanin [&hellip;]<\/p>\n","protected":false},"author":747,"featured_media":40012,"comment_status":"closed","ping_status":"closed","sticky":false,"template":"","format":"standard","meta":{"footnotes":""},"categories":[720],"tags":[],"tip":[],"acf":[],"aioseo_notices":[],"_links":{"self":[{"href":"https:\/\/gamn.org\/sq\/wp-json\/wp\/v2\/posts\/40019"}],"collection":[{"href":"https:\/\/gamn.org\/sq\/wp-json\/wp\/v2\/posts"}],"about":[{"href":"https:\/\/gamn.org\/sq\/wp-json\/wp\/v2\/types\/post"}],"author":[{"embeddable":true,"href":"https:\/\/gamn.org\/sq\/wp-json\/wp\/v2\/users\/747"}],"replies":[{"embeddable":true,"href":"https:\/\/gamn.org\/sq\/wp-json\/wp\/v2\/comments?post=40019"}],"version-history":[{"count":0,"href":"https:\/\/gamn.org\/sq\/wp-json\/wp\/v2\/posts\/40019\/revisions"}],"wp:featuredmedia":[{"embeddable":true,"href":"https:\/\/gamn.org\/sq\/wp-json\/wp\/v2\/media\/40012"}],"wp:attachment":[{"href":"https:\/\/gamn.org\/sq\/wp-json\/wp\/v2\/media?parent=40019"}],"wp:term":[{"taxonomy":"category","embeddable":true,"href":"https:\/\/gamn.org\/sq\/wp-json\/wp\/v2\/categories?post=40019"},{"taxonomy":"post_tag","embeddable":true,"href":"https:\/\/gamn.org\/sq\/wp-json\/wp\/v2\/tags?post=40019"},{"taxonomy":"tip","embeddable":true,"href":"https:\/\/gamn.org\/sq\/wp-json\/wp\/v2\/tip?post=40019"}],"curies":[{"name":"wp","href":"https:\/\/api.w.org\/{rel}","templated":true}]}}