{"id":40027,"date":"2023-11-10T12:32:56","date_gmt":"2023-11-10T11:32:56","guid":{"rendered":"https:\/\/gamn.org\/izazovi-i-prioriteti-za-44-vladu-nakon-izvjestaja-evropske-komisije\/"},"modified":"2024-01-18T12:35:29","modified_gmt":"2024-01-18T11:35:29","slug":"sfidat-dhe-prioritetet-per-qeverine-e-44-pas-raportit-te-komisionit-evropian","status":"publish","type":"post","link":"https:\/\/gamn.org\/sq\/sfidat-dhe-prioritetet-per-qeverine-e-44-pas-raportit-te-komisionit-evropian\/","title":{"rendered":"SFIDAT DHE PRIORITETET P\u00cbR QEVERIN\u00cb E 44 PAS RAPORTIT T\u00cb KOMISIONIT EVROPIAN"},"content":{"rendered":"<p>N\u00eb raportin e fundit t\u00eb progresit, Komisioni Evropian identifikoi qart\u00eb sfidat dhe prioritetet kryesore n\u00eb fush\u00ebn e t\u00eb drejtave t\u00eb njeriut dhe sundimit t\u00eb ligjit n\u00eb Mal t\u00eb Zi. Raporti thekson situat\u00ebn kritike n\u00eb kapitujt 23 dhe 24, nd\u00ebrsa tregon standardet q\u00eb jan\u00eb thelb\u00ebsore p\u00ebr p\u00ebrparimin e m\u00ebtejsh\u00ebm n\u00eb procesin e an\u00ebtar\u00ebsimit n\u00eb Bashkimin Evropian. N\u00eb t\u00eb nj\u00ebjt\u00ebn koh\u00eb, theksohet se para Qeveris\u00eb s\u00eb re t\u00eb Malit t\u00eb Zi, detyra imperative jan\u00eb p\u00ebrmir\u00ebsimi i t\u00eb drejtave t\u00eb njeriut dhe zbatimi i reformave ky\u00e7e n\u00eb drejt\u00ebsi.<\/p>\n<p>Fakti q\u00eb Komisioni Evropian ka vler\u00ebsuar se nuk \u00ebsht\u00eb b\u00ebr\u00eb progres n\u00eb fush\u00ebn e reform\u00ebs n\u00eb drejt\u00ebsi dhe se po p\u00ebrballet me nj\u00eb kriz\u00eb t\u00eb thell\u00eb institucionale, tregon se Qeveria e re ka nj\u00eb pun\u00eb t\u00eb madhe p\u00ebr t\u00eb b\u00ebr\u00eb, prandaj edhe prioritetet q\u00eb duhet t\u00eb jen\u00eb. t\u00eb drejtuara gjat\u00eb mandatit jan\u00eb p\u00ebrcaktuar qart\u00eb. N\u00ebse situata n\u00eb k\u00ebt\u00eb fush\u00eb, e cila \u00ebsht\u00eb kritikuar ve\u00e7an\u00ebrisht k\u00ebt\u00eb vit, nuk p\u00ebrmir\u00ebsohet nga raporti i ardhsh\u00ebm i KE-s\u00eb, do t\u00eb rrezikojm\u00eb seriozisht t\u00eb d\u00ebmtojm\u00eb besueshm\u00ebrin\u00eb e t\u00eb gjith\u00eb sistemit dhe t\u00eb p\u00ebrkeq\u00ebsojm\u00eb m\u00eb tej besimin tashm\u00eb t\u00eb l\u00ebkundur t\u00eb qytetar\u00ebve. Prandaj zgjedhja e Kryetarit t\u00eb Gjykat\u00ebs Supreme, Prokurorit Suprem t\u00eb Shtetit, zgjedhja e Kryetarit t\u00eb Gjykat\u00ebs Ekonomike si dhe an\u00ebtar\u00ebve t\u00eb K\u00ebshillit Gjyq\u00ebsor duhet t\u00eb vihet menj\u00ebher\u00eb n\u00eb rend dite.<\/p>\n<p>Ishte e pritshme q\u00eb Komisioni Evropian t\u00eb njihte mosfunksionimin e Gjykat\u00ebs Kushtetuese, n\u00eb t\u00eb cil\u00ebn \u00e7\u00ebshtja e gjyqtar\u00ebve t\u00eb munguar duhet t\u00eb zgjidhej sa m\u00eb shpejt, duke pasur parasysh procesin e vendimmarrjes. Doli e v\u00ebrtet\u00eb ajo p\u00ebr t\u00eb cil\u00ebn paralajm\u00ebroi Aleanca Qytetare, se Gjykata Kushtetuese zhbllokohet vet\u00ebm formalisht dhe se pa zgjedhjen e gjyqtarit t\u00eb munguar, ky institucion nuk do t\u00eb zhbllokohet n\u00eb thelb. Ju rikujtojm\u00eb diskutimet e deritanishme n\u00eb opinion rreth vendimit t\u00eb Gjykat\u00ebs Kushtetuese lidhur me ndryshimin e Ligjit p\u00ebr PIO, i cili krijoi nj\u00eb problem t\u00eb madh p\u00ebr t\u00eb gjith\u00eb ata q\u00eb duan t\u00eb dalin n\u00eb pension, e gjith\u00eb kjo n\u00eb m\u00ebnyr\u00eb q\u00eb nj\u00eb nga gjyqtar\u00ebt e Gjykat\u00ebs Kushtetuese t\u00eb mund t\u00eb zgjat\u00eb mandatin e saj. Prandaj theksojm\u00eb se \u00ebsht\u00eb shum\u00eb e r\u00ebnd\u00ebsishme dhe e nevojshme q\u00eb Qeveria q\u00eb n\u00eb seanc\u00ebn e par\u00eb t\u00eb miratoj\u00eb ndryshimet n\u00eb Ligjin p\u00ebr PIO dhe t\u00eb zgjidh\u00eb situat\u00ebn shum\u00eb t\u00eb v\u00ebshtir\u00eb n\u00eb t\u00eb cil\u00ebn na ka sjell\u00eb Gjykata Kushtetuese.<\/p>\n<p>Qeveria e re do t\u00eb duhet t\u00eb ket\u00eb prioritet edhe reform\u00ebn e legjislacionit zgjedhor, sepse vitin e kaluar jemi d\u00ebshmitar\u00eb t\u00eb abuzimeve t\u00eb tij, ku i sh\u00ebrbeu shumic\u00ebs p\u00ebr t\u00eb fituar pik\u00eb politike.<\/p>\n<p>P\u00ebr sa i p\u00ebrket respektimit t\u00eb t\u00eb drejtave themelore t\u00eb njeriut, me t\u00eb drejt\u00eb theksi vihet n\u00eb zbatimin joefektiv t\u00eb ligjit sepse ai reflektohet m\u00eb s\u00eb miri n\u00eb raport me kategorit\u00eb m\u00eb t\u00eb cenueshme t\u00eb shoq\u00ebris\u00eb. Kjo \u00ebsht\u00eb arsyeja pse ne kemi nj\u00eb popullsi rome q\u00eb \u00ebsht\u00eb ende n\u00eb margjinat e shoq\u00ebris\u00eb, duke u p\u00ebrballur me forma t\u00eb shumta diskriminimi, nj\u00eb num\u00ebr t\u00eb madh grash viktima t\u00eb dhun\u00ebs, raste t\u00eb vjetra t\u00eb pazgjidhura t\u00eb vrasjeve dhe sulmeve ndaj gazetar\u00ebve, viktima t\u00eb tortur\u00ebs dhe tejkalimit t\u00eb kompetencave t\u00eb policis\u00eb. dhe nj\u00eb rritje n\u00eb polarizimin social dhe gjuh\u00ebn e urrejtjes.<\/p>\n<p>Kur flasim p\u00ebr raportin e Komisionit Evropian n\u00eb pjes\u00ebn e pjes\u00ebmarrjes n\u00eb sken\u00ebn politike publike t\u00eb pjes\u00ebtar\u00ebve t\u00eb popullat\u00ebs rome dhe egjiptiane, konkretisht n\u00eb pjes\u00ebn e reduktimit t\u00eb regjistrimit dhe hyrjes s\u00eb tyre n\u00eb parlamentin malazez, jemi dakord. me vler\u00ebsimin e KE se \u00ebsht\u00eb e nevojshme t\u00eb b\u00ebhen p\u00ebrpjekje shtes\u00eb n\u00eb m\u00ebnyr\u00eb q\u00eb t\u00eb d\u00ebgjohet z\u00ebri i an\u00ebtar\u00ebve t\u00eb komunitetit rom dhe egjiptian nga parlamenti. Kjo n\u00ebnkupton konkretisht se deri n\u00eb zgjedhjet e ardhshme parlamentare, Qeveria e Malit t\u00eb Zi duhet t\u00eb inicioj\u00eb dhe t\u00eb nd\u00ebrmarr\u00eb hapa konkret\u00eb n\u00eb lidhje me rishikimin e regjistrimit, fillimisht duke u nisur nga numri i popullsis\u00eb s\u00eb RE n\u00eb Mal t\u00eb Zi. Nj\u00eb parakusht i mir\u00eb p\u00ebr krijimin adekuat t\u00eb nj\u00eb politike p\u00ebr reduktimin e regjistrimit do t\u00eb ishte regjistrimi i popullsis\u00eb n\u00eb Mal t\u00eb Zi, si pik\u00ebnisje. Duhet t\u00eb p\u00ebrmendim se Qeveria e sapozgjedhur e 44-t\u00eb e Malit t\u00eb Zi ka treguar gatishm\u00ebri p\u00ebr bashk\u00ebpunim dhe pjes\u00ebmarrje t\u00eb popullsis\u00eb s\u00eb RE n\u00eb regjistrimin e ardhsh\u00ebm t\u00eb popullsis\u00eb. \u00cbsht\u00eb pozitive q\u00eb n\u00eb mbledhjen parlamentare t\u00eb kryeqytetit Podgoric\u00eb dhe p\u00ebr her\u00eb t\u00eb par\u00eb n\u00eb Mal t\u00eb Zi kemi nj\u00eb p\u00ebrfaq\u00ebsues t\u00eb popullat\u00ebs s\u00eb RE q\u00eb \u00ebsht\u00eb edhe kryetar i K\u00ebshillit t\u00eb Rom\u00ebve n\u00eb Mal t\u00eb Zi. N\u00eb pjes\u00ebn e raportit q\u00eb i referohet sistemit arsimor, numri i f\u00ebmij\u00ebve t\u00eb regjistruar n\u00eb raport me numrin e atyre q\u00eb p\u00ebrfundojn\u00eb shkoll\u00ebn fillore \u00ebsht\u00eb ende pengues.<\/p>\n<p>Gjat\u00eb vitit 2023, sikurse edhe vitet e kaluara, vendbanimi rom n\u00eb Berane po merr ngjyr\u00eb blu, gj\u00eb q\u00eb e shohim dhe nuk e konstatojm\u00eb n\u00eb raportin e BE-s\u00eb dhe \u00e7on drejtp\u00ebrdrejt n\u00eb rrezikimin e popullat\u00ebs s\u00eb Re. Problemi i standardizimit dhe futja e gjuh\u00ebs rome n\u00eb sistemin arsimor \u00ebsht\u00eb ende nj\u00eb nga \u00e7\u00ebshtjet m\u00eb t\u00eb m\u00ebdha n\u00eb procesin arsimor. Jo vet\u00ebm q\u00eb nuk studiohet n\u00eb shkolla, por n\u00eb Mal t\u00eb Zi nuk kemi as p\u00ebrkthyes gjyq\u00ebsor p\u00ebr gjuh\u00ebn rome dhe mbijeton vet\u00ebm fal\u00eb edukimit t\u00eb komunitetit rom.<\/p>\n<p>Ne gjithashtu pajtohemi me vler\u00ebsimin se zgjidhja e problemit t\u00eb lypjes \u00ebsht\u00eb e r\u00ebnd\u00ebsishme n\u00eb Mal t\u00eb Zi. \u00cbsht\u00eb pjes\u00eb integrale e p\u00ebrditshm\u00ebris\u00eb q\u00eb f\u00ebmij\u00ebt nga popullata e RE lypin n\u00eb mosh\u00eb shum\u00eb t\u00eb hershme, por edhe q\u00eb qytetar\u00ebt jan\u00eb kryesisht t\u00eb pavet\u00ebdijsh\u00ebm se \u00ebsht\u00eb vep\u00ebr penale inkurajimi i lypjes dhe se imazhi i dh\u00ebnies s\u00eb parave n\u00eb rrug\u00eb \u00ebsht\u00eb di\u00e7ka. q\u00eb mund t\u00eb shihet rregullisht.<\/p>\n<p>Problemi i zgjidhjes s\u00eb pashtet\u00ebsis\u00eb \u00ebsht\u00eb nj\u00eb sfid\u00eb e madhe q\u00eb q\u00ebndron para Ministris\u00eb s\u00eb Pun\u00ebve t\u00eb Brendshme t\u00eb Malit t\u00eb Zi si institucion kompetent p\u00ebr zgjidhjen e statusit juridik, k\u00ebshtu q\u00eb mund t\u00eb konstatojm\u00eb se ka rezultate t\u00eb caktuara n\u00eb k\u00ebt\u00eb fush\u00eb, por q\u00eb jan\u00eb larg atyre t\u00eb rekomanduara nga zyra e UNHCR-s\u00eb n\u00eb Mal t\u00eb Zi.<\/p>\n<p>Komisioni Evropian gjithashtu theksoi r\u00ebnd\u00ebsin\u00eb e kryerjes s\u00eb hetimeve efikase dhe t\u00eb pavarura p\u00ebr t\u00eb zgjidhur tortur\u00ebn policore. \u00cbsht\u00eb shum\u00eb e r\u00ebnd\u00ebsishme t\u00eb punohet p\u00ebr ngritjen e kapaciteteve t\u00eb gjyqtar\u00ebve, prokuror\u00ebve dhe punonj\u00ebsve t\u00eb policis\u00eb n\u00eb lidhje me eliminimin e tortur\u00ebs, si dhe zbatimin e standardeve t\u00eb Gjykat\u00ebs Evropiane t\u00eb t\u00eb Drejtave t\u00eb Njeriut. Po ashtu duhet t\u00eb b\u00ebjm\u00eb p\u00ebrpjekje q\u00eb t\u00eb forcohet cil\u00ebsia e procedur\u00ebs s\u00eb provave, dhe m\u00eb pas t\u00eb sanksionohen n\u00eb m\u00ebnyr\u00eb adekuate polic\u00ebt ndaj t\u00eb cil\u00ebve po zhvillohet procedura p\u00ebr tejkalim t\u00eb autorizimeve. Qeveria e re duhet t\u00eb hetoj\u00eb t\u00eb gjitha akuzat p\u00ebr brutalitetin e policis\u00eb dhe t\u00eb ndryshoj\u00eb kultur\u00ebn aktuale t\u00eb mosnd\u00ebshkimit, d.m.th., politik\u00ebn e dob\u00ebt penale p\u00ebr oficer\u00ebt e policis\u00eb. Kujtojm\u00eb se sipas informacioneve m\u00eb t\u00eb fundit t\u00eb disponueshme nga ODT, vet\u00ebm n\u00eb vitin paraprak jan\u00eb formuar tremb\u00ebdhjet\u00eb \u00e7\u00ebshtje n\u00eb baz\u00eb t\u00eb kall\u00ebzimeve p\u00ebr abuzim dhe po aq n\u00eb vitin 2023, prej t\u00eb cilave pes\u00eb raste jan\u00eb n\u00eb proces hetimi, n\u00eb Nj\u00eb rast \u00ebsht\u00eb ngritur aktakuz\u00eb, nd\u00ebrsa shtat\u00eb raste kan\u00eb p\u00ebrfunduar me refuzim.<\/p>\n<p>Duke iu referuar sistemit t\u00eb burgjeve dhe kushteve t\u00eb paraburgimit, theksi u vu edhe n\u00eb nj\u00eb progres t\u00eb caktuar n\u00eb zbatimin e rekomandimeve t\u00eb KPT-s\u00eb (Konventa p\u00ebr Parandalimin e Tortur\u00ebs) nga viti 2019. Megjithat\u00eb, megjith\u00eb nj\u00eb shkall\u00eb t\u00eb caktuar progresi, \u00ebsht\u00eb shqet\u00ebsuese q\u00eb Mali i Zi renditet nd\u00ebr mbajt\u00ebsit e rekordit evropian p\u00ebr numrin e t\u00eb d\u00ebnuarve p\u00ebr frym\u00eb. Kjo e dh\u00ebn\u00eb tregon qart\u00eb nevoj\u00ebn p\u00ebr reforma n\u00eb sistemin ton\u00eb gjyq\u00ebsor, ve\u00e7an\u00ebrisht n\u00eb drejtim t\u00eb zbatimit m\u00eb t\u00eb madh t\u00eb sanksioneve alternative. Thelbi i tyre q\u00ebndron n\u00eb faktin se i d\u00ebnuari e vuan d\u00ebnimin, p.sh. p\u00ebrmes pun\u00ebs n\u00eb interes publik, e cila mund\u00ebson edhe rehabilitimin social t\u00eb t\u00eb d\u00ebnuarve.<\/p>\n<p>N\u00eb fush\u00ebn e azilit dhe migracionit, Mali i Zi ende nuk ka futur nj\u00eb sistem t\u00eb identifikimit dhe regjistrimit t\u00eb shenjave t\u00eb gishtave t\u00eb migrant\u00ebve t\u00eb lidhur me baz\u00ebn qendrore t\u00eb t\u00eb dh\u00ebnave biometrike, i cili sistem do t\u00eb lidhej me EURODAC, gj\u00eb q\u00eb \u00e7on n\u00eb rrezikun e regjistrimit t\u00eb dyfisht\u00eb t\u00eb migrant\u00ebve pas sekondare. l\u00ebvizjet, rihyrja n\u00eb Mal t\u00eb Zi dhe k\u00ebrkesat e m\u00ebvonshme p\u00ebr azil.<\/p>\n<p>Mali i Zi mbetet ende nj\u00eb nga vendet lider p\u00ebr sa i p\u00ebrket numrit t\u00eb qytetar\u00ebve ukrainas q\u00eb ka marr\u00eb, n\u00eb raport me numrin e banor\u00ebve. Edhe pse vendimi i Qeveris\u00eb s\u00eb Malit t\u00eb Zi zgjati mbrojtjen e p\u00ebrkohshme deri m\u00eb 11 mars 2024, vet\u00eb procedura e zgjatjes nuk ishte e leht\u00eb. Dometh\u00ebn\u00eb, procedura nuk p\u00ebrfshinte z\u00ebvend\u00ebsim automatik, por k\u00ebrkonte nj\u00eb vizit\u00eb personale, e cila krijoi turma t\u00eb m\u00ebdha q\u00eb e v\u00ebshtir\u00ebsuan procedur\u00ebn. Duhet t\u00eb theksojm\u00eb se ende, p\u00ebr \u00e7\u00ebshtjet ky\u00e7e q\u00eb kan\u00eb t\u00eb b\u00ebjn\u00eb me aksesin n\u00eb t\u00eb gjitha t\u00eb drejtat, zgjidhjet gjenden ad hoc n\u00eb momentin q\u00eb ato jan\u00eb aktuale dhe se zgjidhje t\u00eb tilla jan\u00eb jet\u00ebshkurt\u00ebr. Shembull i zgjidhjes ad hoc \u00ebsht\u00eb paraqitja e dokumentit p\u00ebr mbrojtjen e p\u00ebrkohshme, i cili \u00ebsht\u00eb n\u00eb let\u00ebr t\u00eb bardh\u00eb t\u00eb zakonshme A4 me foto dhe si i till\u00eb krijon konfuzion n\u00eb \u00e7do institucion, sepse nuk \u00ebsht\u00eb e qart\u00eb n\u00ebse \u00ebsht\u00eb dokument personal apo jo. . Arsyeja e miratimit t\u00eb zgjidhjeve ad hoc \u00ebsht\u00eb se edhe pas nj\u00eb viti e gjysm\u00eb nga fillimi i luft\u00ebs, ligjet e tjera nuk jan\u00eb harmonizuar me Ligjin p\u00ebr mbrojtjen nd\u00ebrkomb\u00ebtare dhe t\u00eb p\u00ebrkohshme t\u00eb t\u00eb huajve. Prandaj, Ligji p\u00ebr Sigurime Sh\u00ebndet\u00ebsore, Ligji p\u00ebr Mbrojtjen Sociale dhe t\u00eb F\u00ebmij\u00ebve dhe Ligji p\u00ebr Nd\u00ebrmjet\u00ebsimin dhe t\u00eb Drejtat gjat\u00eb Papun\u00ebsis\u00eb jan\u00eb n\u00eb pritje t\u00eb harmonizimit, me q\u00ebllim q\u00eb t\u00eb huajve t&#8217;u njihet mbrojtje e p\u00ebrkohshme dhe t&#8217;u mund\u00ebsohet realizimi i t\u00eb drejtave nga ato ligje.<\/p>\n<p>Aksesi n\u00eb t\u00eb drejt\u00ebn p\u00ebr arsim dhe kujdes sh\u00ebndet\u00ebsor \u00ebsht\u00eb ende sfida m\u00eb e madhe. N\u00ebse krahasojm\u00eb numrin e f\u00ebmij\u00ebve t\u00eb mosh\u00ebs shkollore me mbrojtje t\u00eb p\u00ebrkohshme t\u00eb miratuar dhe numrin e f\u00ebmij\u00ebve nga Ukraina t\u00eb regjistruar n\u00eb shkollat \u200b\u200bfillore, kjo \u00ebsht\u00eb ende nj\u00eb shif\u00ebr mjaft e ul\u00ebt. Ne jemi t\u00eb vet\u00ebdijsh\u00ebm p\u00ebr faktin se lufta \u00ebsht\u00eb ende duke vazhduar, se shumica e njer\u00ebzve kan\u00eb zgjedhur Malin e Zi si vendlindjen e tyre, k\u00ebshtu q\u00eb \u00ebsht\u00eb e habitshme q\u00eb f\u00ebmij\u00ebt nga Ukraina nuk ndjekin shkoll\u00ebn fillore, gj\u00eb q\u00eb do t\u00eb n\u00ebnkuptoj\u00eb m\u00eb tej se ata nuk do t\u00eb jen\u00eb n\u00eb shkoll\u00eb t\u00eb mesme apo universitet. dhe ka disa n\u00eb vend. Zgjidhjet ad hoc vazhdojn\u00eb n\u00eb qasjen n\u00eb t\u00eb drejt\u00ebn e kujdesit sh\u00ebndet\u00ebsor, deri n\u00eb harmonizimin e Ligjit p\u00ebr kujdesin sh\u00ebndet\u00ebsor dhe sigurimin sh\u00ebndet\u00ebsor, sepse tani t\u00eb huajt me mbrojtje t\u00eb p\u00ebrkohshme, edhe pse kan\u00eb nj\u00eb JMBG t\u00eb caktuar, nuk kan\u00eb t\u00eb drejt\u00ebn e kart\u00ebs s\u00eb sh\u00ebndetit, pra. sistemi sh\u00ebndet\u00ebsor nuk i njeh.<\/p>\n<p>Edhe pse BE-ja mori nj\u00eb vendim p\u00ebr t\u00eb zgjatur mbrojtjen e p\u00ebrkohshme deri m\u00eb 4 mars 2025. Mbetet p\u00ebr t&#8217;u par\u00eb n\u00ebse Mali i Zi, si kandidat p\u00ebr an\u00ebtar\u00ebsim n\u00eb BE, do t\u00eb zgjas\u00eb mbrojtjen e p\u00ebrkohshme, apo \u00e7\u00ebshtja e statusit t\u00eb k\u00ebtyre personave do t\u00eb rregullohet n\u00eb ndonj\u00eb m\u00ebnyr\u00eb tjet\u00ebr. Shpresojm\u00eb q\u00eb, n\u00ebse merret nj\u00eb vendim p\u00ebr zgjatjen, vet\u00eb procedura do t\u00eb jet\u00eb m\u00eb e leht\u00eb dhe m\u00eb e thjesht\u00eb.<\/p>\n<p>\u00cbsht\u00eb p\u00ebr t&#8217;u lavd\u00ebruar q\u00eb Mali i Zi, p\u00ebrve\u00e7 qytetar\u00ebve ukrainas, priti nj\u00eb num\u00ebr t\u00eb madh shtetasish rus\u00eb dhe se nuk kishte konflikte t\u00eb regjistruara mes dy popullsive, dhe nj\u00eb fluks kaq i madh njer\u00ebzish nuk k\u00ebrc\u00ebnonte nivelin e siguris\u00eb n\u00eb Mal t\u00eb Zi.<\/p>\n<p>Nj\u00eb shembull i praktik\u00ebs s\u00eb mir\u00eb do t\u00eb ishte q\u00eb personat tani mund t\u00eb shprehin synimin e tyre p\u00ebr t\u00eb paraqitur nj\u00eb k\u00ebrkes\u00eb p\u00ebr mbrojtje nd\u00ebrkomb\u00ebtare tek inspektori p\u00ebr t\u00eb huajt n\u00eb disa komuna. Nga ana tjet\u00ebr, kjo ende nuk \u00ebsht\u00eb e mundur, p\u00ebr shembull, gjat\u00eb kontrollit kufitar n\u00eb pik\u00ebn kufitare, edhe pse ligji e parasheh k\u00ebt\u00eb mund\u00ebsi. Edhe pse \u00ebsht\u00eb zgjatur orari i pun\u00ebs s\u00eb policis\u00eb kufitare n\u00eb Bozhaj, p\u00ebr t\u00eb mund\u00ebsuar shprehjen e q\u00ebllimit p\u00ebr t\u00eb k\u00ebrkuar azil gjat\u00eb gjith\u00eb dit\u00ebs, n\u00eb praktik\u00eb nuk \u00ebsht\u00eb aspak k\u00ebshtu dhe kemi qen\u00eb d\u00ebshmitar\u00eb se ka pasur raste kur nuk ka qen\u00eb e mundur. p\u00ebr t\u00eb shprehur q\u00ebllimin n\u00eb or\u00ebt e vona t\u00eb pasdites ose t\u00eb mbr\u00ebmjes, por personat q\u00eb gjendeshin p\u00ebrball\u00eb kampit duhej t\u00eb prisnin t\u00eb nes\u00ebrmen p\u00ebr t\u00eb shprehur q\u00ebllimin e tyre.<\/p>\n<p>Progres \u00ebsht\u00eb b\u00ebr\u00eb gjithashtu n\u00eb krahasim me periudh\u00ebn e m\u00ebparshme, dhe tani procedurat e shkall\u00ebs s\u00eb par\u00eb n\u00eb p\u00ebrgjith\u00ebsi zgjasin m\u00eb pak. Megjithat\u00eb, ka p\u00ebrjashtime, dhe n\u00eb disa raste m\u00eb t\u00eb komplikuara, vendimi pritet m\u00eb gjat\u00eb. Ashtu si n\u00eb vitet e kaluara, ne ia atribuojm\u00eb k\u00ebt\u00eb munges\u00ebs s\u00eb stafit, sepse pun\u00ebsimi i stafit shtes\u00eb sigurisht q\u00eb do t\u00eb kishte ndikim n\u00eb marrjen e t\u00eb gjitha vendimeve t\u00eb nivelit t\u00eb par\u00eb brenda gjasht\u00eb muajve. Po ashtu, askush nuk ngriti \u00e7\u00ebshtjen e p\u00ebrgjegj\u00ebsis\u00eb p\u00ebr mosveprimin e institucioneve kur b\u00ebhet fjal\u00eb p\u00ebr fondet prej 400 mij\u00eb eurosh t\u00eb akorduara nga BE-ja si ndihm\u00eb p\u00ebr nd\u00ebrtimin e Qendr\u00ebs s\u00eb Pritjes n\u00eb Bozhaj dhe shteti nuk ka mundur t\u00eb p\u00ebrgatis\u00eb tenderin. dokumentacioni n\u00eb koh\u00eb.<\/p>\n<p>Ne pajtohemi q\u00eb nuk ka pasur p\u00ebrparim n\u00eb mbrojtjen e t\u00eb drejtave t\u00eb personave LGBT, dhe kjo mb\u00ebshtetet nga sulmet ndaj aktivist\u00ebve LGBT dhe incidentet e shumta t\u00eb gjuh\u00ebs s\u00eb urrejtjes drejtuar posa\u00e7\u00ebrisht an\u00ebtar\u00ebve t\u00eb k\u00ebsaj kategorie vulnerab\u00ebl. Shpresojm\u00eb q\u00eb n\u00eb periudh\u00ebn n\u00eb vijim t\u00eb miratohet Ligji p\u00ebr Njohjen Ligjore t\u00eb Gjinis\u00eb n\u00eb baz\u00eb t\u00eb vet\u00ebvendosjes dhe q\u00eb Ligji p\u00ebr partneritetin jet\u00ebsor t\u00eb personave t\u00eb t\u00eb nj\u00ebjtit seks p\u00ebrfundimisht t\u00eb harmonizohet me aktet tjera ligjore. Gjithashtu, \u00ebsht\u00eb e nevojshme t\u00eb punohet n\u00eb zgjidhjen e problemit t\u00eb gjuh\u00ebs s\u00eb urrejtjes, ve\u00e7an\u00ebrisht kur b\u00ebhet fjal\u00eb p\u00ebr njohjen dhe sanksionimin e saj, si dhe parandalimin efektiv t\u00eb gjuh\u00ebs s\u00eb urrejtjes p\u00ebrmes pun\u00ebs me p\u00ebrfaq\u00ebsues t\u00eb institucioneve dhe publikut t\u00eb gjer\u00eb.<\/p>\n<p>Sa i p\u00ebrket procesimit t\u00eb krimeve t\u00eb luft\u00ebs n\u00eb familje, gjegj\u00ebsisht konstatimit t\u00eb KE-s\u00eb se Mali i Zi ka b\u00ebr\u00eb p\u00ebrparim n\u00eb p\u00ebrpunimin e brendsh\u00ebm, nuk konstatojm\u00eb se rezultatet e Prokuroris\u00eb Speciale t\u00eb Shtetit n\u00eb at\u00eb fush\u00eb ishin mjaft t\u00eb mira. Theksojm\u00eb se ka vet\u00ebm nj\u00eb gjykim n\u00eb vazhdim p\u00ebr rastin p\u00ebr t\u00eb cilin aktakuza \u00ebsht\u00eb ngritur dy vjet m\u00eb par\u00eb pasi Bosnja dhe Hercegovina e ka p\u00ebrcjell\u00eb rastin n\u00eb Mal t\u00eb Zi.<\/p>\n<p>Kujtojm\u00eb se parashikimet e para p\u00ebr hyrjen e Malit t\u00eb Zi n\u00eb Bashkimin Evropian kan\u00eb qen\u00eb p\u00ebr fundin e vitit 2018 dhe t\u00eb nj\u00ebjtat jan\u00eb shprehur edhe nga negociatori i par\u00eb, Aleksandar Pejoviq. Megjithat\u00eb, sot, 11 vite m\u00eb von\u00eb, kemi deklarata t\u00eb shpeshta p\u00ebr amullin\u00eb e procesit integrues dhe pas nesh kemi vet\u00ebm kapituj t\u00eb hapur q\u00eb pasohen me zbraz\u00ebtira n\u00eb planet e veprimit, duke p\u00ebrmbushur form\u00ebn dhe jo thelbin e p\u00ebrmbushjes s\u00eb kushtet e nevojshme p\u00ebr mbylljen e kapitullit. P\u00ebr kujtes\u00eb, Kroacia i p\u00ebrfundoi negociatat p\u00ebr an\u00ebtar\u00ebsimin n\u00eb BE n\u00eb gjasht\u00eb vjet. Islanda hapi dhe mbylli kapitujt 23 dhe 24 brenda nj\u00eb dite. Pasi u arrit baza fillestare, e cila p\u00ebrfshinte miratimin e strategjive, ligjeve t\u00eb ndryshme, etj., arrit\u00ebm n\u00eb nj\u00eb faz\u00eb stagnimi q\u00eb k\u00ebrkon reforma t\u00eb matshme, ve\u00e7an\u00ebrisht n\u00eb kapitujt m\u00eb kompleks\u00eb t\u00eb negociatave 23 dhe 24, n\u00eb t\u00eb cilat nuk ka rezultatet e nevojshme. Komisioni Evropian e v\u00eb n\u00eb dukje k\u00ebt\u00eb vit pas viti n\u00eb raportet e tij. Megjithat\u00eb, p\u00ebrkund\u00ebr pik\u00ebpamjes pozitive t\u00eb qeverive t\u00eb m\u00ebparshme, kalon edhe nj\u00eb vit dhe mbyllja e kapitujve ky\u00e7 \u00ebsht\u00eb ende e pasigurt. Prandaj raporti i prezantuar qysh n\u00eb fillim t\u00eb mandatit t\u00eb Qeveris\u00eb s\u00eb re duhet t\u00eb sh\u00ebrbej\u00eb si udh\u00ebrr\u00ebfyes se n\u00eb cilin drejtim duhet ta udh\u00ebheqin politik\u00ebn e tyre dhe se duhet t\u00eb synohet p\u00ebrmir\u00ebsimi i notave t\u00eb ngecura.<\/p>\n","protected":false},"excerpt":{"rendered":"<p>N\u00eb raportin e fundit t\u00eb progresit, Komisioni Evropian identifikoi qart\u00eb sfidat dhe prioritetet kryesore n\u00eb fush\u00ebn e t\u00eb drejtave t\u00eb njeriut dhe sundimit t\u00eb ligjit n\u00eb Mal t\u00eb Zi. Raporti thekson situat\u00ebn kritike n\u00eb kapitujt 23 dhe 24, nd\u00ebrsa tregon standardet q\u00eb jan\u00eb thelb\u00ebsore p\u00ebr p\u00ebrparimin e m\u00ebtejsh\u00ebm n\u00eb procesin e an\u00ebtar\u00ebsimit n\u00eb Bashkimin Evropian. [&hellip;]<\/p>\n","protected":false},"author":747,"featured_media":40023,"comment_status":"closed","ping_status":"closed","sticky":false,"template":"","format":"standard","meta":{"footnotes":""},"categories":[720],"tags":[],"tip":[],"acf":[],"aioseo_notices":[],"_links":{"self":[{"href":"https:\/\/gamn.org\/sq\/wp-json\/wp\/v2\/posts\/40027"}],"collection":[{"href":"https:\/\/gamn.org\/sq\/wp-json\/wp\/v2\/posts"}],"about":[{"href":"https:\/\/gamn.org\/sq\/wp-json\/wp\/v2\/types\/post"}],"author":[{"embeddable":true,"href":"https:\/\/gamn.org\/sq\/wp-json\/wp\/v2\/users\/747"}],"replies":[{"embeddable":true,"href":"https:\/\/gamn.org\/sq\/wp-json\/wp\/v2\/comments?post=40027"}],"version-history":[{"count":0,"href":"https:\/\/gamn.org\/sq\/wp-json\/wp\/v2\/posts\/40027\/revisions"}],"wp:featuredmedia":[{"embeddable":true,"href":"https:\/\/gamn.org\/sq\/wp-json\/wp\/v2\/media\/40023"}],"wp:attachment":[{"href":"https:\/\/gamn.org\/sq\/wp-json\/wp\/v2\/media?parent=40027"}],"wp:term":[{"taxonomy":"category","embeddable":true,"href":"https:\/\/gamn.org\/sq\/wp-json\/wp\/v2\/categories?post=40027"},{"taxonomy":"post_tag","embeddable":true,"href":"https:\/\/gamn.org\/sq\/wp-json\/wp\/v2\/tags?post=40027"},{"taxonomy":"tip","embeddable":true,"href":"https:\/\/gamn.org\/sq\/wp-json\/wp\/v2\/tip?post=40027"}],"curies":[{"name":"wp","href":"https:\/\/api.w.org\/{rel}","templated":true}]}}