{"id":40198,"date":"2023-12-22T13:54:23","date_gmt":"2023-12-22T12:54:23","guid":{"rendered":"https:\/\/gamn.org\/raspolozenje-evropske-unije-za-integracije-prilika-koju-ne-smijemo-propustiti\/"},"modified":"2024-01-18T13:57:12","modified_gmt":"2024-01-18T12:57:12","slug":"gjendja-e-bashkimit-evropian-per-integrim-nje-mundesi-qe-nuk-duhet-te-humbem","status":"publish","type":"post","link":"https:\/\/gamn.org\/sq\/gjendja-e-bashkimit-evropian-per-integrim-nje-mundesi-qe-nuk-duhet-te-humbem\/","title":{"rendered":"GJENDJA E BASHKIMIT EVROPIAN P\u00cbR INTEGRIM: NJ\u00cb MUND\u00cbSI Q\u00cb NUK DUHET T\u00cb HUMB\u00cbM"},"content":{"rendered":"<p>Vendimet dhe mesazhet e fundit nga zyrtar\u00ebt evropian\u00eb paraqesin nj\u00eb sinjal pozitiv p\u00ebr Malin e Zi lidhur me an\u00ebtar\u00ebsimin e mundsh\u00ebm n\u00eb Bashkimin Evropian dhe \u00ebsht\u00eb momenti i duhur p\u00ebr t&#8217;i p\u00ebrdorur ato me men\u00e7uri. Ne mor\u00ebm edhe nj\u00eb her\u00eb mund\u00ebsin\u00eb dhe disponimin e Bashkimit Evropian p\u00ebr integrim, t\u00eb cilin vendimmarr\u00ebsit duhet ta njohin n\u00eb m\u00ebnyr\u00ebn e duhur dhe t\u00eb intensifikojn\u00eb aktivitetet n\u00eb p\u00ebrmbushjen e standardeve t\u00eb p\u00ebrkohshme. Duhet t\u00eb harrohen t\u00eb gjitha ndarjet, t\u00eb p\u00ebrfshihen t\u00eb gjitha strukturat, ku procesi i bashkimit duhet t\u00eb vendoset si prioritet.<\/p>\n<p>Edhe pse k\u00ebto indikacione jan\u00eb pozitive, atmosfera aktuale n\u00eb sken\u00ebn publike, e cila karakterizohet nga z\u00ebnka partiake dhe regjistrime n\u00ebn hijen e \u00e7\u00ebshtjeve identitare, krijon nj\u00eb mjedis t\u00eb pafavorsh\u00ebm p\u00ebr vendosjen e tem\u00ebs s\u00eb agjend\u00ebs s\u00eb BE-s\u00eb n\u00eb qend\u00ebr t\u00eb diskursit publik.<\/p>\n<p>Prandaj \u00ebsht\u00eb momenti i duhur q\u00eb Qeveria dhe Parlamenti i Malit t\u00eb Zi dhe institucionet e tjera malazeze t\u00eb p\u00ebrdorin t\u00eb gjitha burimet dhe mekanizmat e mundsh\u00ebm q\u00eb kan\u00eb n\u00eb dispozicion dhe t\u00eb jen\u00eb t\u00eb shkath\u00ebt n\u00eb zbatimin e aktiviteteve q\u00eb synojn\u00eb Bashkimin Evropian. Gjithashtu, pas vendosjes s\u00eb kushteve teknike dhe administrative, si nj\u00eb nga hapat e par\u00eb presim em\u00ebrimin e kryenegociatorit p\u00ebr zhvillimin e negociatave me BE-n\u00eb.<\/p>\n<p>Ne duhet t\u00eb fokusohemi n\u00eb shtetin e s\u00eb drejt\u00ebs dhe t\u00eb drejtat e njeriut, duke pasur parasysh r\u00ebnd\u00ebsin\u00eb e tyre n\u00eb metodologjin\u00eb e re, ku k\u00ebto fusha jan\u00eb t\u00eb vendosura n\u00eb kapitujt 23 dhe 24. Megjithat\u00eb, \u00ebsht\u00eb e r\u00ebnd\u00ebsishme t\u00eb theksohet se kjo nuk do t\u00eb thot\u00eb t\u00eb neglizhohen kapitujt e tjer\u00eb.<\/p>\n<p>N\u00eb k\u00ebt\u00eb moment vendimtar, ftojm\u00eb t\u00eb gjith\u00eb t\u00eb p\u00ebrfshihen, sepse kjo \u00ebsht\u00eb nj\u00eb gar\u00eb q\u00eb i gjith\u00eb Mali i Zi duhet ta fitoj\u00eb. Asnj\u00ebher\u00eb m\u00eb par\u00eb nuk kemi pasur nj\u00eb der\u00eb kaq t\u00eb hapur dhe prandaj \u00ebsht\u00eb e nevojshme q\u00eb publiku t\u00eb fokusohet n\u00eb k\u00ebt\u00eb \u00e7\u00ebshtje shum\u00eb t\u00eb r\u00ebnd\u00ebsishme q\u00eb \u00ebsht\u00eb me interes p\u00ebr t\u00eb gjith\u00eb ne. Kjo \u00ebsht\u00eb arsyeja pse ne po i d\u00ebrgojm\u00eb nj\u00eb apel mediave dhe sektorit t\u00eb OJQ-ve q\u00eb t\u00eb japin kontributin e tyre dhe vendimmarr\u00ebsve t&#8217;i njohin ata si partner\u00eb t\u00eb r\u00ebnd\u00ebsish\u00ebm q\u00eb mund t\u00eb kontribuojn\u00eb ndjesh\u00ebm n\u00eb rrug\u00ebn drejt BE-s\u00eb.<\/p>\n<p>N\u00eb k\u00ebt\u00eb faz\u00eb jemi d\u00ebshmitar\u00eb, nga nj\u00ebra an\u00eb, disa zhvillime t\u00eb r\u00ebnd\u00ebsishme n\u00eb at\u00eb rrug\u00eb, si zgjedhja e gjyqtarit t\u00eb shtat\u00eb t\u00eb Gjykat\u00ebs Kushtetuese, zgjedhja e tre an\u00ebtar\u00ebve t\u00eb K\u00ebshillit Gjyq\u00ebsor nga Parlamenti i Malit t\u00eb Zi dhe disa t\u00eb r\u00ebnd\u00ebsishme. hetime, t\u00eb cilat p\u00ebrfaq\u00ebsojn\u00eb nj\u00eb hap t\u00eb r\u00ebnd\u00ebsish\u00ebm drejt krijimit t\u00eb kushteve p\u00ebr vazhdimin e reformave ky\u00e7e.<\/p>\n<p>Nga ana tjet\u00ebr, d\u00ebgjuam edhe shum\u00eb retorik\u00eb, pa shum\u00eb veprime konkrete q\u00eb do t\u00eb shoq\u00ebronin garancit\u00eb dhe premtimet.<\/p>\n<p>Edhe nj\u00eb her\u00eb n\u00eb fund, ftojm\u00eb t\u00eb gjith\u00eb aktor\u00ebt shoq\u00ebror\u00eb q\u00eb t\u00eb angazhohen n\u00eb m\u00ebnyr\u00eb aktive dhe t\u00eb arrijn\u00eb rezultate n\u00eb m\u00ebnyr\u00eb q\u00eb t\u00eb arrihet progres real dhe t\u00eb form\u00ebsohet e ardhmja e Malit t\u00eb Zi sipas standardeve evropiane.<\/p>\n<p>Aleanca Qytetare<\/p>\n<p>P\u00ebrparimi i Forumit LGBT<\/p>\n<p>Phiren Amenca &#8211; Le t\u00eb ecim s\u00eb bashku<\/p>\n<p>Aksion p\u00ebr drejt\u00ebsi sociale<\/p>\n<p>Qendra Sociale LGBTIQ<\/p>\n<p>Rrjeti p\u00ebr hetimin e krimit t\u00eb organizuar dhe korrupsionit &#8211; LUPA<\/p>\n<p>Nisma Rinore p\u00ebr t\u00eb Drejtat e Njeriut (YIHR)<\/p>\n","protected":false},"excerpt":{"rendered":"<p>Vendimet dhe mesazhet e fundit nga zyrtar\u00ebt evropian\u00eb paraqesin nj\u00eb sinjal pozitiv p\u00ebr Malin e Zi lidhur me an\u00ebtar\u00ebsimin e mundsh\u00ebm n\u00eb Bashkimin Evropian dhe \u00ebsht\u00eb momenti i duhur p\u00ebr t&#8217;i p\u00ebrdorur ato me men\u00e7uri. Ne mor\u00ebm edhe nj\u00eb her\u00eb mund\u00ebsin\u00eb dhe disponimin e Bashkimit Evropian p\u00ebr integrim, t\u00eb cilin vendimmarr\u00ebsit duhet ta njohin n\u00eb [&hellip;]<\/p>\n","protected":false},"author":747,"featured_media":40194,"comment_status":"closed","ping_status":"closed","sticky":false,"template":"","format":"standard","meta":{"footnotes":""},"categories":[720],"tags":[],"tip":[],"acf":[],"aioseo_notices":[],"_links":{"self":[{"href":"https:\/\/gamn.org\/sq\/wp-json\/wp\/v2\/posts\/40198"}],"collection":[{"href":"https:\/\/gamn.org\/sq\/wp-json\/wp\/v2\/posts"}],"about":[{"href":"https:\/\/gamn.org\/sq\/wp-json\/wp\/v2\/types\/post"}],"author":[{"embeddable":true,"href":"https:\/\/gamn.org\/sq\/wp-json\/wp\/v2\/users\/747"}],"replies":[{"embeddable":true,"href":"https:\/\/gamn.org\/sq\/wp-json\/wp\/v2\/comments?post=40198"}],"version-history":[{"count":0,"href":"https:\/\/gamn.org\/sq\/wp-json\/wp\/v2\/posts\/40198\/revisions"}],"wp:featuredmedia":[{"embeddable":true,"href":"https:\/\/gamn.org\/sq\/wp-json\/wp\/v2\/media\/40194"}],"wp:attachment":[{"href":"https:\/\/gamn.org\/sq\/wp-json\/wp\/v2\/media?parent=40198"}],"wp:term":[{"taxonomy":"category","embeddable":true,"href":"https:\/\/gamn.org\/sq\/wp-json\/wp\/v2\/categories?post=40198"},{"taxonomy":"post_tag","embeddable":true,"href":"https:\/\/gamn.org\/sq\/wp-json\/wp\/v2\/tags?post=40198"},{"taxonomy":"tip","embeddable":true,"href":"https:\/\/gamn.org\/sq\/wp-json\/wp\/v2\/tip?post=40198"}],"curies":[{"name":"wp","href":"https:\/\/api.w.org\/{rel}","templated":true}]}}