{"id":40212,"date":"2023-12-27T13:58:05","date_gmt":"2023-12-27T12:58:05","guid":{"rendered":"https:\/\/gamn.org\/radionice-unapredenje-svijesti-o-policijskoj-torturi-put-ka-nultoj-toleranciji\/"},"modified":"2024-01-18T14:02:13","modified_gmt":"2024-01-18T13:02:13","slug":"workshop-permiresimi-i-ndergjegjesise-per-torturen-e-policise-rruga-drejt-tolerances-zero","status":"publish","type":"post","link":"https:\/\/gamn.org\/sq\/workshop-permiresimi-i-ndergjegjesise-per-torturen-e-policise-rruga-drejt-tolerances-zero\/","title":{"rendered":"WORKSHOP: P\u00cbRMIR\u00cbSIMI I ND\u00cbRGJEGJ\u00cbSIS\u00cb P\u00cbR TORTUR\u00cbN E POLICIS\u00cb &#8211; RRUGA DREJT TOLERANC\u00cbS ZERO"},"content":{"rendered":"<p>Vazhdojm\u00eb aktivitetet tona me q\u00ebllim t\u00eb nd\u00ebrgjegj\u00ebsimit p\u00ebr shtypjen e tortur\u00ebs policore n\u00eb form\u00ebn e dy pun\u00ebtorive p\u00ebr gjyqtar\u00eb, prokuror\u00eb dhe kandidat\u00eb p\u00ebr prokuror\u00eb, me q\u00ebllim t\u00eb p\u00ebrmir\u00ebsimit t\u00eb pun\u00ebs s\u00eb sistemit gjyq\u00ebsor n\u00eb k\u00ebt\u00eb fush\u00eb.<\/p>\n<p>N\u00eb pun\u00ebtorin\u00eb e par\u00eb t\u00eb dedikuar p\u00ebr prokuror\u00eb dhe kandidat\u00eb p\u00ebr prokuror\u00eb, me ligj\u00ebrat\u00eb t\u00eb prokurores Danka Ivanoviq Gjeriq, u diskutuan rastet e tortur\u00ebs policore, ku znj. procedurat para gjykatave vendase. U evidentua problemi i munges\u00ebs s\u00eb bashk\u00ebpunimit nd\u00ebrmjet punonj\u00ebsve t\u00eb policis\u00eb, i cili i v\u00ebshtir\u00ebsoi procedurat hetimore, por pavar\u00ebsisht k\u00ebsaj, u konstatua se numri i rasteve t\u00eb tortur\u00ebs policore n\u00eb vitin e fundit ka qen\u00eb n\u00eb r\u00ebnie. Megjithat\u00eb,\u00a0n\u00eb raport me madh\u00ebsin\u00eb e vendit ton\u00eb, kjo shif\u00ebr \u00ebsht\u00eb ende jasht\u00ebzakonisht e lart\u00eb, me 110 raste t\u00eb regjistruara t\u00eb tortur\u00ebs policore\u00a0q\u00eb nga viti 2015, kur jan\u00eb mbajtur t\u00eb dh\u00ebnat. Si rezultat, \u00ebsht\u00eb nj\u00eb num\u00ebr i madh i polic\u00ebve q\u00eb ndiqen penalisht p\u00ebr tortur\u00eb, dhe p\u00ebrve\u00e7 k\u00ebsaj, Mali i Zi njihet si nj\u00eb vend ku tortura \u00ebsht\u00eb nj\u00eb problem i theksuar. Kjo mb\u00ebshtetet nga numri i madh i rasteve q\u00eb nuk jan\u00eb hetuar sa duhet, dhe ato q\u00eb jan\u00eb ende n\u00eb faz\u00ebn e hetimit.<\/p>\n<p><img fetchpriority=\"high\" decoding=\"async\" class=\"aligncenter size-full wp-image-37093\" src=\"https:\/\/gamn.org\/wp-content\/uploads\/2023\/12\/0-02-05-f5644f2c53ede39689045c73649f2452c4ee5073cafe7b226bd218655d78196a_53eaa5b01a7ab523.jpg\" alt=\"\" width=\"1600\" height=\"1200\" \/><\/p>\n<p>Nj\u00eb sfid\u00eb tjet\u00ebr \u00ebsht\u00eb se prokuroria malazeze nuk \u00ebsht\u00eb e pavarur nga policia gjat\u00eb hetimeve t\u00eb veprave penale, gj\u00eb q\u00eb njihet si nj\u00eb problem sistemik q\u00eb duhet zgjidhur n\u00eb nivel komb\u00ebtar. sfida \u00ebsht\u00eb se prokuroria n\u00eb hetim nuk \u00ebsht\u00eb e pavarur nga policia. Ky \u00ebsht\u00eb nj\u00eb problem sistematik q\u00eb duhet zgjidhur n\u00eb nivel komb\u00ebtar, ndaj \u00ebsht\u00eb e nevojshme q\u00eb prokuroria t\u00eb jet\u00eb e pavarur nga policia n\u00eb hetimin e nj\u00eb vepre penale.<\/p>\n<p>Si\u00e7 tha ajo, kontrolli i brendsh\u00ebm i pun\u00ebs s\u00eb policis\u00eb \u00ebsht\u00eb njohur si zgjidhje e mir\u00eb dhe me pun\u00ebn e t\u00eb cilit mund t\u00eb vihet n\u00eb p\u00ebrgjegj\u00ebsin\u00eb e dikujt dhe nj\u00eb num\u00ebr i madh i rasteve jan\u00eb formuar pik\u00ebrisht n\u00eb baz\u00eb t\u00eb t\u00eb dh\u00ebnave nga kontrolli i brendsh\u00ebm i policis\u00eb. Gjithashtu, si nj\u00eb nga zgjidhjet e mira t\u00eb mundshme, u propozua formimi i nj\u00eb ekipi t\u00eb posa\u00e7\u00ebm operativ n\u00eb kuad\u00ebr t\u00eb Drejtoris\u00eb s\u00eb Policis\u00eb. N\u00eb k\u00ebt\u00eb m\u00ebnyr\u00eb do t\u00eb kishte bashk\u00ebpunim nd\u00ebrinstitucional, i cili \u00ebsht\u00eb treguar si nj\u00eb zgjidhje shum\u00eb e mir\u00eb dhe efektive, ve\u00e7an\u00ebrisht n\u00eb rastet e trafikimit t\u00eb qenieve njer\u00ebzore.<\/p>\n<p><img decoding=\"async\" class=\"aligncenter size-full wp-image-37117\" src=\"https:\/\/gamn.org\/wp-content\/uploads\/2023\/12\/0-02-05-5ae6a0ff7bb01d378378b5878bb93531022d054e704f954d2c67a5711f9af251_1302653d6bcea71c.jpg\" alt=\"\" width=\"1600\" height=\"1200\" \/><\/p>\n<p>Ajo k\u00ebshilloi koleg\u00ebt e saj t\u00eb rinj q\u00eb t&#8217;i trajtojn\u00eb gjithmon\u00eb rastet e tortur\u00ebs policore si urgjente dhe prioritare.<\/p>\n<p>Kontrolli i brendsh\u00ebm i policis\u00eb u vler\u00ebsua si nj\u00eb zgjidhje e mir\u00eb, me pun\u00ebn e s\u00eb cil\u00ebs mund t\u00eb vihet n\u00eb p\u00ebrgjegj\u00ebsin\u00eb e dikujt dhe nj\u00eb num\u00ebr i madh i rasteve jan\u00eb formuar pik\u00ebrisht n\u00eb baz\u00eb t\u00eb t\u00eb dh\u00ebnave t\u00eb k\u00ebtij departamenti. Gjithashtu, nj\u00eb sugjerim tjet\u00ebr i mir\u00eb \u00ebsht\u00eb formimi i nj\u00eb ekipi t\u00eb posa\u00e7\u00ebm operativ n\u00eb kuad\u00ebr t\u00eb Drejtoris\u00eb s\u00eb Policis\u00eb. N\u00eb k\u00ebt\u00eb m\u00ebnyr\u00eb do t\u00eb kishte bashk\u00ebpunim nd\u00ebrinstitucional, i cili n\u00eb praktik\u00eb \u00ebsht\u00eb treguar nj\u00eb zgjidhje shum\u00eb e mir\u00eb dhe efikase, ve\u00e7an\u00ebrisht n\u00eb rastet e trafikimit t\u00eb qenieve njer\u00ebzore.<\/p>\n<p>Pjes\u00ebmarr\u00ebsit e seminarit t\u00eb dyt\u00eb (gjyqtar\u00eb dhe prokuror\u00eb) diskutuan n\u00eb detaje mbi procedimet gjyq\u00ebsore n\u00eb lidhje me rastet e tortur\u00ebs policore n\u00ebp\u00ebrmjet kuptimit dhe zbatimit praktik t\u00eb standardeve dhe k\u00ebrkesave q\u00eb rrjedhin nga nenet 3 dhe 5 t\u00eb Konvent\u00ebs Evropiane p\u00ebr t\u00eb Drejtat e Njeriut. Nj\u00eb fokus i ve\u00e7ant\u00eb i pun\u00ebtoris\u00eb, me ligj\u00ebrata nga gjyqtarja e Gjykat\u00ebs Kushtetuese Snezhana Armenko dhe gjyqtari i Gjykat\u00ebs s\u00eb Lart\u00eb Nenad Vujanoviq, ishte n\u00eb r\u00ebnd\u00ebsin\u00eb e sh\u00ebnimeve t\u00eb vlefshme gjat\u00eb paraburgimit t\u00eb individ\u00ebve, n\u00eb m\u00ebnyr\u00eb q\u00eb t\u00eb sigurohet p\u00ebrpunimi i paansh\u00ebm dhe efikas i rasteve. Nenad Vujanoviq rikujtoi standardet e Gjykat\u00ebs Evropiane p\u00ebr t\u00eb Drejtat e Njeriut lidhur me veprat penale t\u00eb tortur\u00ebs dhe keqtrajtimit, se p\u00ebr tortur\u00ebn p.sh. k\u00ebrkon nj\u00eb pesh\u00eb t\u00eb caktuar, ekzistimin e nijetit dhe t\u00eb ngjashme. Kur b\u00ebhet fjal\u00eb p\u00ebr heqjen e liris\u00eb, r\u00ebnd\u00ebsia e sh\u00ebnimeve t\u00eb duhura, t\u00eb cilat duhet t\u00eb p\u00ebrmbajn\u00eb t\u00eb gjith\u00eb informacionin: kur personi \u00ebsht\u00eb privuar nga liria, n\u00ebse ai \u00ebsht\u00eb paralajm\u00ebruar p\u00ebr t\u00eb drejtat e tij, n\u00ebse ka pasur nevoj\u00eb p\u00ebr t\u00eb pun\u00ebsuar nj\u00eb p\u00ebrkthyes, n\u00ebse ka pasur \u00ebsht\u00eb theksuar ve\u00e7an\u00ebrisht ndonj\u00eb shkelje e dukshme, dhe n\u00ebse po, n\u00ebse mjeku ka qen\u00eb i informuar, n\u00ebse i \u00ebsht\u00eb siguruar ushqim dhe t\u00eb ngjashme.<\/p>\n<p><img decoding=\"async\" class=\"aligncenter size-full wp-image-37111\" src=\"https:\/\/gamn.org\/wp-content\/uploads\/2023\/12\/0-02-05-3d3b028df10eb9c5892e8460d1263ded6bc6ff6334e3a3d57eea26a7c8c9ef43_d82c05bedc9cb9bb.jpg\" alt=\"\" width=\"1600\" height=\"1200\" \/><\/p>\n<p>Gjykat\u00ebsi Vujanoviq u tha pjes\u00ebmarr\u00ebsve se si prokuror\u00eb dhe gjyqtar\u00eb, ata duhet t\u00eb ken\u00eb nj\u00eb rol m\u00eb proaktiv, duke filluar me konstatimin e l\u00ebndimeve t\u00eb dukshme, dhe se n\u00eb rast t\u00eb l\u00ebndimeve t\u00eb tilla, ata duhet t\u00eb angazhojn\u00eb nj\u00eb ekspert, pastaj t\u00eb p\u00ebrcaktojn\u00eb sa m\u00eb sakt\u00eb q\u00eb t\u00eb jet\u00eb e mundur gjendjen faktike lidhur me p\u00ebr rastin konkret. Masat n\u00eb dhomat e paraburgimit duhet t\u00eb jen\u00eb t\u00eb tilla q\u00eb t\u00eb mos ket\u00eb fshehje t\u00eb sendeve t\u00eb kontestuara, t\u00eb mos fshihen incizimet e kamerave, sepse ndonj\u00ebher\u00eb kjo do t\u00eb \u00e7onte n\u00eb d\u00ebm, e her\u00eb do t\u00eb ishte n\u00eb dobi t\u00eb punonj\u00ebsit t\u00eb policis\u00eb.<\/p>\n<p>P\u00ebr k\u00ebt\u00eb arsye ai theksoi nevoj\u00ebn e pavar\u00ebsis\u00eb s\u00eb prokuroris\u00eb nga policia gjat\u00eb procedurave hetimore dhe se gjykatat dhe prokuror\u00ebt jan\u00eb vendimtare p\u00ebr t\u00eb siguruar q\u00eb procedurat t\u00eb jen\u00eb t\u00eb paanshme dhe efikase.<\/p>\n<p>Snezana Armenko theksoi \u00e7\u00ebshtjen e nxjerrjes s\u00eb provave ligj\u00ebrisht (t\u00eb pa)vlefshme, por edhe \u00e7\u00ebshtjen e pavar\u00ebsis\u00eb s\u00eb Gjykat\u00ebs Kushtetuese, e cila \u00ebsht\u00eb nj\u00eb nga dilemat me t\u00eb cilat p\u00ebrballet kjo gjykat\u00eb. \u00cbsht\u00eb e nevojshme q\u00eb ky institucion t\u00eb zhvilloj\u00eb procedur\u00ebn n\u00eb m\u00ebnyr\u00eb t\u00eb pavarur dhe t\u00eb mos rrezikohet pavar\u00ebsia dhe paan\u00ebsia e tij. Sa i p\u00ebrket paraqitjes s\u00eb provave, kjo \u00e7\u00ebshtje \u00ebsht\u00eb e nj\u00eb r\u00ebnd\u00ebsie t\u00eb ve\u00e7ant\u00eb kur duhet t\u00eb merret vendim dhe nuk mund t\u00eb paraqitet prova tjet\u00ebr. N\u00eb k\u00ebt\u00eb kuptim, ky \u00ebsht\u00eb tashm\u00eb juridiksion i gjykatave penale, jo i Gjykat\u00ebs Kushtetuese, dhe n\u00eb k\u00ebt\u00eb faz\u00eb do t\u00eb p\u00ebrb\u00ebnte nj\u00eb cenim t\u00eb drejtp\u00ebrdrejt\u00eb t\u00eb pavar\u00ebsis\u00eb s\u00eb saj, gj\u00eb q\u00eb nuk e b\u00ebn as Gjykata Evropiane p\u00ebr t\u00eb Drejtat e Njeriut. Gjykata Kushtetuese ka p\u00ebr detyr\u00eb t\u00eb p\u00ebrcaktoj\u00eb n\u00eb fund se gjith\u00e7ka \u00ebsht\u00eb kryer sipas parimit t\u00eb drejt\u00ebsis\u00eb.<\/p>\n<p><img loading=\"lazy\" decoding=\"async\" class=\"aligncenter size-full wp-image-37105\" src=\"https:\/\/gamn.org\/wp-content\/uploads\/2023\/12\/0-02-05-ed60425e81393a9f16f6508cc8ff09f538f2fd584a91af9483bd17f009a75460_31eae4cd6da17098.jpg\" alt=\"\" width=\"1600\" height=\"1200\" \/><\/p>\n<p>N\u00eb pun\u00ebtori u theksua r\u00ebnd\u00ebsia e dallimit n\u00eb mes t\u00eb paraburgimit t\u00eb pabazuar dhe t\u00eb paligjsh\u00ebm, gjegj\u00ebsisht se ndalimi i paligjsh\u00ebm nuk duhet t\u00eb jet\u00eb i pabazuar p\u00ebr t\u00eb qen\u00eb i paligjsh\u00ebm.<\/p>\n<p>Ata po ashtu kan\u00eb rikujtuar se ka pasur ndryshim n\u00eb funksionimin e DPT p\u00ebr veprat penale t\u00eb dhun\u00ebs, k\u00ebshtu q\u00eb pas rastit t\u00eb vrasjes s\u00eb Shejla Bakis\u00eb, \u00e7do raport ka p\u00ebrfunduar me vendim p\u00ebr caktimin e paraburgimit.<\/p>\n<p>Pun\u00ebtorit\u00eb u organizuan n\u00eb kuad\u00ebr t\u00eb projektit &#8220;Pa mosnd\u00ebshkim p\u00ebr shkeljen dhe shkeljen e t\u00eb drejtave t\u00eb njeriut n\u00eb Mal t\u00eb Zi&#8221;, i mb\u00ebshtetur financiarisht nga Bashkimi Evropian dhe i bashk\u00ebfinancuar nga Ministria e Administrat\u00ebs Publike.<\/p>\n<div id=\"gallery-1\" class=\"gallery galleryid-37083 gallery-columns-3 gallery-size-medium\">\n<figure class=\"gallery-item\">\n<div class=\"gallery-icon landscape\"><a href=\"https:\/\/gamn.org\/radionice-unapredenje-svijesti-o-policijskoj-torturi-put-ka-nultoj-toleranciji\/0-02-05-07bb04e7aa694ae06ba94237003378d93809fbe5386c84d565e29a58e1c9609f_bc38fc47ed86c4e1\/\"><img loading=\"lazy\" decoding=\"async\" class=\"attachment-medium size-medium\" src=\"https:\/\/gamn.org\/wp-content\/uploads\/2023\/12\/0-02-05-07bb04e7aa694ae06ba94237003378d93809fbe5386c84d565e29a58e1c9609f_bc38fc47ed86c4e1.jpg\" alt=\"\" width=\"300\" height=\"225\" \/><\/a><\/div>\n<\/figure>\n<figure class=\"gallery-item\">\n<div class=\"gallery-icon landscape\"><a href=\"https:\/\/gamn.org\/radionice-unapredenje-svijesti-o-policijskoj-torturi-put-ka-nultoj-toleranciji\/0-02-05-88f8dc2573b8d879d967bb8c3047fd0699b75368e0df2bb2b868261c9ae7e408_7f4118fb3e2b7ac1\/\"><img loading=\"lazy\" decoding=\"async\" class=\"attachment-medium size-medium\" src=\"https:\/\/gamn.org\/wp-content\/uploads\/2023\/12\/0-02-05-88f8dc2573b8d879d967bb8c3047fd0699b75368e0df2bb2b868261c9ae7e408_7f4118fb3e2b7ac1.jpg\" alt=\"\" width=\"300\" height=\"225\" \/><\/a><\/div>\n<\/figure>\n<figure class=\"gallery-item\">\n<div class=\"gallery-icon landscape\"><a href=\"https:\/\/gamn.org\/radionice-unapredenje-svijesti-o-policijskoj-torturi-put-ka-nultoj-toleranciji\/0-02-05-525944e38d9dd6251a312196bdd477fcecdaed566d9a79305382fdedce7d0244_71e681b4ae2a2fbc\/\"><img loading=\"lazy\" decoding=\"async\" class=\"attachment-medium size-medium\" src=\"https:\/\/gamn.org\/wp-content\/uploads\/2023\/12\/0-02-05-525944e38d9dd6251a312196bdd477fcecdaed566d9a79305382fdedce7d0244_71e681b4ae2a2fbc.jpg\" alt=\"\" width=\"300\" height=\"225\" \/><\/a><\/div>\n<\/figure>\n<figure class=\"gallery-item\">\n<div class=\"gallery-icon landscape\"><a href=\"https:\/\/gamn.org\/radionice-unapredenje-svijesti-o-policijskoj-torturi-put-ka-nultoj-toleranciji\/0-02-05-51ba2bf35629217ab4e0f6422dbd68ababe83527b6ad9aa9d51b3e2d57550f83_572c3d76415205e6\/\"><img loading=\"lazy\" decoding=\"async\" class=\"attachment-medium size-medium\" src=\"https:\/\/gamn.org\/wp-content\/uploads\/2023\/12\/0-02-05-51ba2bf35629217ab4e0f6422dbd68ababe83527b6ad9aa9d51b3e2d57550f83_572c3d76415205e6.jpg\" alt=\"\" width=\"300\" height=\"225\" \/><\/a><\/div>\n<\/figure>\n<figure class=\"gallery-item\">\n<div class=\"gallery-icon landscape\"><a href=\"https:\/\/gamn.org\/radionice-unapredenje-svijesti-o-policijskoj-torturi-put-ka-nultoj-toleranciji\/0-02-05-f5644f2c53ede39689045c73649f2452c4ee5073cafe7b226bd218655d78196a_53eaa5b01a7ab523\/\"><img loading=\"lazy\" decoding=\"async\" class=\"attachment-medium size-medium\" src=\"https:\/\/gamn.org\/wp-content\/uploads\/2023\/12\/0-02-05-f5644f2c53ede39689045c73649f2452c4ee5073cafe7b226bd218655d78196a_53eaa5b01a7ab523.jpg\" alt=\"\" width=\"300\" height=\"225\" \/><\/a><\/div>\n<\/figure>\n<figure class=\"gallery-item\">\n<div class=\"gallery-icon landscape\"><a href=\"https:\/\/gamn.org\/radionice-unapredenje-svijesti-o-policijskoj-torturi-put-ka-nultoj-toleranciji\/0-02-05-663fc9e8f62c334849bec297edcff7c54823a14ef23fa50f0c92ce4ba8727a2b_e661e9b91e9d3ce1-1\/\"><img loading=\"lazy\" decoding=\"async\" class=\"attachment-medium size-medium\" src=\"https:\/\/gamn.org\/wp-content\/uploads\/2023\/12\/0-02-05-663fc9e8f62c334849bec297edcff7c54823a14ef23fa50f0c92ce4ba8727a2b_e661e9b91e9d3ce1-1.jpg\" alt=\"\" width=\"300\" height=\"225\" \/><\/a><\/div>\n<\/figure>\n<figure class=\"gallery-item\">\n<div class=\"gallery-icon landscape\"><a href=\"https:\/\/gamn.org\/radionice-unapredenje-svijesti-o-policijskoj-torturi-put-ka-nultoj-toleranciji\/0-02-05-663fc9e8f62c334849bec297edcff7c54823a14ef23fa50f0c92ce4ba8727a2b_e661e9b91e9d3ce1\/\"><img loading=\"lazy\" decoding=\"async\" class=\"attachment-medium size-medium\" src=\"https:\/\/gamn.org\/wp-content\/uploads\/2023\/12\/0-02-05-663fc9e8f62c334849bec297edcff7c54823a14ef23fa50f0c92ce4ba8727a2b_e661e9b91e9d3ce1.jpg\" alt=\"\" width=\"300\" height=\"225\" \/><\/a><\/div>\n<\/figure>\n<\/div>\n","protected":false},"excerpt":{"rendered":"<p>Vazhdojm\u00eb aktivitetet tona me q\u00ebllim t\u00eb nd\u00ebrgjegj\u00ebsimit p\u00ebr shtypjen e tortur\u00ebs policore n\u00eb form\u00ebn e dy pun\u00ebtorive p\u00ebr gjyqtar\u00eb, prokuror\u00eb dhe kandidat\u00eb p\u00ebr prokuror\u00eb, me q\u00ebllim t\u00eb p\u00ebrmir\u00ebsimit t\u00eb pun\u00ebs s\u00eb sistemit gjyq\u00ebsor n\u00eb k\u00ebt\u00eb fush\u00eb. N\u00eb pun\u00ebtorin\u00eb e par\u00eb t\u00eb dedikuar p\u00ebr prokuror\u00eb dhe kandidat\u00eb p\u00ebr prokuror\u00eb, me ligj\u00ebrat\u00eb t\u00eb prokurores Danka Ivanoviq Gjeriq, [&hellip;]<\/p>\n","protected":false},"author":747,"featured_media":40205,"comment_status":"closed","ping_status":"closed","sticky":false,"template":"","format":"standard","meta":{"footnotes":""},"categories":[720],"tags":[],"tip":[],"acf":[],"aioseo_notices":[],"_links":{"self":[{"href":"https:\/\/gamn.org\/sq\/wp-json\/wp\/v2\/posts\/40212"}],"collection":[{"href":"https:\/\/gamn.org\/sq\/wp-json\/wp\/v2\/posts"}],"about":[{"href":"https:\/\/gamn.org\/sq\/wp-json\/wp\/v2\/types\/post"}],"author":[{"embeddable":true,"href":"https:\/\/gamn.org\/sq\/wp-json\/wp\/v2\/users\/747"}],"replies":[{"embeddable":true,"href":"https:\/\/gamn.org\/sq\/wp-json\/wp\/v2\/comments?post=40212"}],"version-history":[{"count":0,"href":"https:\/\/gamn.org\/sq\/wp-json\/wp\/v2\/posts\/40212\/revisions"}],"wp:featuredmedia":[{"embeddable":true,"href":"https:\/\/gamn.org\/sq\/wp-json\/wp\/v2\/media\/40205"}],"wp:attachment":[{"href":"https:\/\/gamn.org\/sq\/wp-json\/wp\/v2\/media?parent=40212"}],"wp:term":[{"taxonomy":"category","embeddable":true,"href":"https:\/\/gamn.org\/sq\/wp-json\/wp\/v2\/categories?post=40212"},{"taxonomy":"post_tag","embeddable":true,"href":"https:\/\/gamn.org\/sq\/wp-json\/wp\/v2\/tags?post=40212"},{"taxonomy":"tip","embeddable":true,"href":"https:\/\/gamn.org\/sq\/wp-json\/wp\/v2\/tip?post=40212"}],"curies":[{"name":"wp","href":"https:\/\/api.w.org\/{rel}","templated":true}]}}