{"id":44157,"date":"2025-02-07T14:38:52","date_gmt":"2025-02-07T13:38:52","guid":{"rendered":"https:\/\/gamn.org\/?p=44157"},"modified":"2025-03-12T14:45:34","modified_gmt":"2025-03-12T13:45:34","slug":"pergatitja-e-nevojshme-e-nje-kodi-te-ri-te-procedures-penale-te-harmonizuar-me-arritjet-ligjore-te-bashkimit-evropian","status":"publish","type":"post","link":"https:\/\/gamn.org\/sq\/pergatitja-e-nevojshme-e-nje-kodi-te-ri-te-procedures-penale-te-harmonizuar-me-arritjet-ligjore-te-bashkimit-evropian\/","title":{"rendered":"P\u00ebrgatitja e nevojshme e nj\u00eb Kodi t\u00eb ri t\u00eb Procedur\u00ebs Penale t\u00eb harmonizuar me arritjet ligjore t\u00eb Bashkimit Evropian"},"content":{"rendered":"<p><strong>\u00a0<\/strong><\/p>\n<p>&nbsp;<\/p>\n<p>&#8220;\u00c7\u00ebshtja e ndryshimit t\u00eb Kodit t\u00eb Procedur\u00ebs Penale \u00ebsht\u00eb absolutisht e pandashme nga parimi i gjykimit t\u00eb drejt\u00eb, mbrojtja e t\u00eb drejtave themelore t\u00eb njeriut, por nj\u00ebkoh\u00ebsisht edhe nga imperativi i ruajtjes s\u00eb siguris\u00eb komb\u00ebtare dhe ndjekja efektive e krimeve m\u00eb t\u00eb r\u00ebnda,&#8221; u p\u00ebrmend n\u00eb konferenc\u00ebn e sotme t\u00eb Aleanc\u00ebs Qytetare me titullin &#8220;Paraburgimi i zgjatur: akuzat e nd\u00ebrsjella pa nj\u00eb zgjidhje t\u00eb duhur.&#8221;<\/p>\n<p>N\u00eb konferenc\u00eb u prezantua analiza me t\u00eb nj\u00ebjtin em\u00ebr nga Aleanca Qytetare, e cila trajton \u00e7\u00ebshtjen e propozimeve p\u00ebr ndryshimet e Kodit t\u00eb Procedur\u00ebs Penale (KPP) me fokus t\u00eb ve\u00e7ant\u00eb n\u00eb zgjerimin e koh\u00ebzgjatjes maksimale t\u00eb paraburgimit nga ngritja e akuz\u00ebs s\u00eb shkall\u00ebs s\u00eb par\u00eb deri n\u00eb marrjen e aktgjykimit t\u00eb shkall\u00ebs s\u00eb par\u00eb.<\/p>\n<p>Panelist\u00ebt n\u00eb konferenc\u00eb ishin Vallentina Pavlli\u00e7iq, kryetare e Gjykat\u00ebs s\u00eb Lart\u00eb t\u00eb Malit t\u00eb Zi, Millorad Markoviq, prokurori i lart\u00eb i shtetit, dhe Bojan Bozhoviq, minist\u00ebr i Drejt\u00ebsis\u00eb s\u00eb Malit t\u00eb Zi.<\/p>\n<p>Duke folur p\u00ebr efikasitetin e gjykatave n\u00eb Malin e Zi<strong>, Vallentina Pavlli\u00e7iq, kryetarja e Gjykat\u00ebs s\u00eb Lart\u00eb t\u00eb Malit t\u00eb Zi<\/strong>, theksoi se numri i rasteve \u00ebsht\u00eb rritur vit pas viti n\u00eb Departamentin Special, nd\u00ebrsa numri i gjyqtar\u00ebve ka r\u00ebn\u00eb. Ajo tha: &#8216;Sistemi gjyq\u00ebsor ka q\u00ebn\u00eb i l\u00ebn\u00eb pas dore p\u00ebr nj\u00eb koh\u00eb t\u00eb gjat\u00eb, dhe kjo tregon gjendjen n\u00eb t\u00eb cil\u00ebn ndodhemi sot, k\u00ebshtu q\u00eb ne duhet ta rikthejm\u00eb s\u00eb bashku reputacionin e sistemit gjyq\u00ebsor p\u00ebr t\u00eb dh\u00ebn\u00eb p\u00ebrgjigje ligjore ndaj problemeve me t\u00eb cilat p\u00ebrballet Mali i Zi. Nuk jemi gati p\u00ebr gjith\u00e7ka q\u00eb na ka pritur, por nuk kemi justifikime p\u00ebr k\u00ebt\u00eb.\u201d<\/p>\n<p><img fetchpriority=\"high\" decoding=\"async\" class=\"aligncenter size-large wp-image-43955\" src=\"https:\/\/gamn.org\/wp-content\/uploads\/2025\/02\/DSC05846-1024x683.jpg\" alt=\"\" width=\"800\" height=\"534\" srcset=\"https:\/\/gamn.org\/wp-content\/uploads\/2025\/02\/DSC05846-1024x683.jpg 1024w, https:\/\/gamn.org\/wp-content\/uploads\/2025\/02\/DSC05846-300x200.jpg 300w, https:\/\/gamn.org\/wp-content\/uploads\/2025\/02\/DSC05846-768x512.jpg 768w, https:\/\/gamn.org\/wp-content\/uploads\/2025\/02\/DSC05846-1536x1024.jpg 1536w, https:\/\/gamn.org\/wp-content\/uploads\/2025\/02\/DSC05846-2048x1365.jpg 2048w\" sizes=\"(max-width: 800px) 100vw, 800px\" \/><\/p>\n<p>Ajo gjithashtu u b\u00ebri thirrje autoriteteve legjislative dhe ekzekutive q\u00eb t\u00eb b\u00ebjn\u00eb gjith\u00e7ka q\u00eb \u00ebsht\u00eb n\u00eb fuqin\u00eb e tyre p\u00ebr t\u00eb siguruar q\u00eb dega gjyq\u00ebsore e qeveris\u00eb t\u00eb marr\u00eb gjith\u00e7ka q\u00eb i takon &#8211; dhe kjo do t\u00eb thot\u00eb se mund t\u00eb flitet p\u00ebr p\u00ebrgjegj\u00ebsi kur sigurohet q\u00eb sistemi gjyq\u00ebsor t\u00eb zhvillohet n\u00eb m\u00ebnyr\u00ebn si\u00e7 p\u00ebrfaq\u00ebsohet n\u00eb demokracin\u00eb per\u00ebndimore.<\/p>\n<p>Duke komentuar \u00e7\u00ebshtjen e koh\u00ebzgjatjes s\u00eb paraburgimit, Pavlli\u00e7iq theksoi se joefikasiteti i sistemit gjyq\u00ebsor nuk duhet t\u00eb jet\u00eb arsyeje q\u00eb dikush t\u00eb kaloji kaq shum\u00eb vite n\u00eb paraburgim.<\/p>\n<p><strong>Millorad Markoviq, prokurori i p\u00ebrgjithsh\u00ebm i shtetit<\/strong>, duke komentuar luft\u00ebn kund\u00ebr krimit t\u00eb organizuar, theksoi se lufta kund\u00ebr krimit t\u00eb organizuar ka ndryshuar duksh\u00ebm n\u00eb dy dekadat e fundit, dhe se sistemi dhe ligjet duhet t\u00eb p\u00ebrshtaten me sfidat bashk\u00ebkohore q\u00eb krimi i organizuar sjell me vete, por duke respektuar t\u00eb drejtat e njeriut.<\/p>\n<p><img decoding=\"async\" class=\"aligncenter size-large wp-image-43958\" src=\"https:\/\/gamn.org\/wp-content\/uploads\/2025\/02\/DSC05901-1024x683.jpg\" alt=\"\" width=\"800\" height=\"534\" srcset=\"https:\/\/gamn.org\/wp-content\/uploads\/2025\/02\/DSC05901-1024x683.jpg 1024w, https:\/\/gamn.org\/wp-content\/uploads\/2025\/02\/DSC05901-300x200.jpg 300w, https:\/\/gamn.org\/wp-content\/uploads\/2025\/02\/DSC05901-768x512.jpg 768w, https:\/\/gamn.org\/wp-content\/uploads\/2025\/02\/DSC05901-1536x1024.jpg 1536w, https:\/\/gamn.org\/wp-content\/uploads\/2025\/02\/DSC05901-2048x1365.jpg 2048w\" sizes=\"(max-width: 800px) 100vw, 800px\" \/><\/p>\n<p>Duke folur p\u00ebr bashk\u00ebpunimin me institucionet tjera shtet\u00ebrore n\u00eb Mal t\u00eb Zi, Markoviq theksoi r\u00ebnd\u00ebsin\u00eb e komunikimit profesional dhe institucional, sepse n\u00eb at\u00eb nivel nd\u00ebrtohet efikasiteti dhe produktiviteti.<\/p>\n<p>Ai gjithashtu shtoji se kur institucionet tona t\u00eb jen\u00eb t\u00eb forta, at\u00ebher\u00eb interesimi publik do t\u00eb jet\u00eb m\u00eb i vog\u00ebl sepse qytetar\u00ebt do t\u00eb ken\u00eb m\u00eb shum\u00eb besim tek ato.<\/p>\n<p>Duke komentuar ndryshimet n\u00eb KPP, <strong>Bojan Bozhoviq, minist\u00ebr i Drejt\u00ebsis\u00eb<\/strong>, tha se KPP i ri do t\u00eb shkruhet n\u00eb at\u00eb m\u00ebnyr\u00eb q\u00eb t\u00eb jet\u00eb nj\u00eb zgjidhje e mir\u00eb dhe e q\u00ebndrueshme dhe nj\u00eb burim cil\u00ebsor i ligjit. Ai deklaroi se: \u201cP\u00ebr disa dit\u00eb do t\u00eb kemi mbledhjen e par\u00eb t\u00eb grupit t\u00eb pun\u00ebs p\u00ebr ndryshimin e KPP-s\u00eb dhe do t\u00eb ket\u00eb shtat\u00ebmb\u00ebdhjet\u00eb an\u00ebtar\u00eb, q\u00eb do t\u00eb thot\u00eb se Ministria e Drejt\u00ebsis\u00eb do t\u00eb p\u00ebrgatis\u00eb ndryshimet e KPP ekzistuese dhe do t\u00eb p\u00ebrgatis\u00eb materialin p\u00ebr kodin e ri.\u201d<\/p>\n<p>\u201cK\u00ebt\u00eb Kod e ka shtypur koha, prandaj ne po reagojm\u00eb n\u00eb p\u00ebrputhje me rrethanat dhe jemi t\u00eb k\u00ebnaqur q\u00eb kemi iniciativa p\u00ebr at\u00eb q\u00eb duhet rregulluar. Tani problemet jan\u00eb lokalizuar dhe jemi t\u00eb hapur p\u00ebr sugjerime dhe kritika. \u00c7do iniciativ\u00eb duhet t\u00eb jet\u00eb e hapur p\u00ebr publikun dhe duhet t\u00eb kaloj\u00eb n\u00eb gjykat\u00ebn e KE-s\u00eb\u201d, tha Bozhoviq.<\/p>\n<p><img decoding=\"async\" class=\"aligncenter size-large wp-image-43961\" src=\"https:\/\/gamn.org\/wp-content\/uploads\/2025\/02\/DSC05907-1024x683.jpg\" alt=\"\" width=\"800\" height=\"534\" srcset=\"https:\/\/gamn.org\/wp-content\/uploads\/2025\/02\/DSC05907-1024x683.jpg 1024w, https:\/\/gamn.org\/wp-content\/uploads\/2025\/02\/DSC05907-300x200.jpg 300w, https:\/\/gamn.org\/wp-content\/uploads\/2025\/02\/DSC05907-768x512.jpg 768w, https:\/\/gamn.org\/wp-content\/uploads\/2025\/02\/DSC05907-1536x1024.jpg 1536w, https:\/\/gamn.org\/wp-content\/uploads\/2025\/02\/DSC05907-2048x1365.jpg 2048w\" sizes=\"(max-width: 800px) 100vw, 800px\" \/><\/p>\n<p>Kur \u00ebsht\u00eb fjala p\u00ebr propozimin p\u00ebr ndryshimin e KPP-s\u00eb, i cili i referohet koh\u00ebzgjatjes s\u00eb paraburgimit nga tre n\u00eb pes\u00eb vjet, Bozhoviq tha se iniciativa ka ardhur n\u00eb momentin kur n\u00eb Mal t\u00eb Zi ndodhnen vrasje t\u00eb reja, kur kishim edhe nj\u00eb seanc\u00eb t\u00eb K\u00ebshillit t\u00eb Siguris\u00eb Komb\u00ebtare, me p\u00ebrfundime q\u00eb p\u00ebrputhen me iniciativ\u00ebn, por edhe nj\u00eb fakt tjet\u00ebr i r\u00ebnd\u00ebsish\u00ebm se sistemi gjyq\u00ebsor q\u00ebn\u00eb n\u00eb gjendje t\u00eb p\u00ebrkohshme. Ai gjithashtu deklaroi: &#8220;N\u00eb Bashkimin Evropian, t\u00eb pakt\u00ebn tet\u00eb vende kan\u00eb afate kohore shum\u00eb m\u00eb t\u00eb gjata ose nuk kan\u00eb afat kohor t\u00eb caktuar t\u00eb paraburgimit&#8221;.<\/p>\n<p>Forumi u hap nga <strong>Milan Radoviq, Drejtor i Programit t\u00eb Aleanc\u00ebs Qytetare, Hane Meldgard, z\u00ebvend\u00ebs Shefe e Misionit n\u00eb Ambasad\u00ebn e Mbret\u00ebris\u00eb s\u00eb Norvegjis\u00eb dhe Dajana Cvjetkoviq, menaxhere e projektit SMART Balkans.<\/strong><\/p>\n<p><img loading=\"lazy\" decoding=\"async\" class=\"aligncenter size-large wp-image-43946\" src=\"https:\/\/gamn.org\/wp-content\/uploads\/2025\/02\/DSC05767-1024x683.jpg\" alt=\"\" width=\"800\" height=\"534\" srcset=\"https:\/\/gamn.org\/wp-content\/uploads\/2025\/02\/DSC05767-1024x683.jpg 1024w, https:\/\/gamn.org\/wp-content\/uploads\/2025\/02\/DSC05767-300x200.jpg 300w, https:\/\/gamn.org\/wp-content\/uploads\/2025\/02\/DSC05767-768x512.jpg 768w, https:\/\/gamn.org\/wp-content\/uploads\/2025\/02\/DSC05767-1536x1024.jpg 1536w, https:\/\/gamn.org\/wp-content\/uploads\/2025\/02\/DSC05767-2048x1365.jpg 2048w\" sizes=\"(max-width: 800px) 100vw, 800px\" \/><\/p>\n<p>Sipas Hana Meldgard, Z\u00ebvend\u00ebs Shefe e Misionit n\u00eb Ambasad\u00ebn e Mbret\u00ebris\u00eb s\u00eb Norvegjis\u00eb, Mali i Zi nd\u00ebrmori shum\u00eb hapa t\u00eb guximsh\u00ebm n\u00eb periudh\u00ebn e m\u00ebparshme, nd\u00ebrsa Norvegjia mb\u00ebshtet shoq\u00ebrin\u00eb e saj dhe m\u00ebnyr\u00ebn sesi sillen zgjidhjet e mira p\u00ebrmes Smart Balkans, duke u fokusuar n\u00eb t\u00eb drejtat e njeriut dhe sundimin e ligjit.<\/p>\n<p><img loading=\"lazy\" decoding=\"async\" class=\"aligncenter size-large wp-image-43943\" src=\"https:\/\/gamn.org\/wp-content\/uploads\/2025\/02\/DSC05760-1024x683.jpg\" alt=\"\" width=\"800\" height=\"534\" srcset=\"https:\/\/gamn.org\/wp-content\/uploads\/2025\/02\/DSC05760-1024x683.jpg 1024w, https:\/\/gamn.org\/wp-content\/uploads\/2025\/02\/DSC05760-300x200.jpg 300w, https:\/\/gamn.org\/wp-content\/uploads\/2025\/02\/DSC05760-768x512.jpg 768w, https:\/\/gamn.org\/wp-content\/uploads\/2025\/02\/DSC05760-1536x1024.jpg 1536w, https:\/\/gamn.org\/wp-content\/uploads\/2025\/02\/DSC05760-2048x1365.jpg 2048w\" sizes=\"(max-width: 800px) 100vw, 800px\" \/><\/p>\n<p>Duke e njohur kompleksitetin e tem\u00ebs lidhur me paraburgimin n\u00eb Mal t\u00eb Zi, Aleanca Qytetare po jep nj\u00eb kontribut t\u00eb madh me diskutimin e sot\u00ebm me ekspert\u00ebt, tha Meldgard.<\/p>\n<p>Jemi t\u00eb lumtur q\u00eb jemi n\u00eb gjendje t\u00eb mb\u00ebshtesim m\u00eb shum\u00eb se 100 organizata n\u00eb Ballkanin Per\u00ebndimor p\u00ebrmes k\u00ebtij mekanizmi, por gjithsesi ju jeni ata q\u00eb e b\u00ebni pun\u00ebn duke gjetur zgjidhjet e duhura, p\u00ebrfundoi ajo.<\/p>\n<p>Dajana Cvjetkoviq, menaxhere e projektit SMART, theksoi se \u00ebsht\u00eb shum\u00eb e r\u00ebnd\u00ebsishme t\u00eb shihet nj\u00eb organizat\u00eb q\u00eb ka zero toleranc\u00eb ndaj shkeljeve t\u00eb t\u00eb drejtave t\u00eb njeriut dhe q\u00eb sistematikisht u qaset problemeve, t\u00eb cilat, sipas saj, duhet t\u00eb jen\u00eb udh\u00ebrr\u00ebfyes dhe nxitje se n\u00eb cilin drejtim duhet t\u00eb shkohet.<\/p>\n<p>Duke komentuar tem\u00ebn q\u00eb Aleanca Qytetare po e trajton n\u00eb konferenc\u00ebn e sotme, Cvjetkoviq theksoi se burgjet jan\u00eb nj\u00eb vend shum\u00eb specifik ku ekziston nj\u00eb kultur\u00eb tjet\u00ebr jetese, sepse \u00ebsht\u00eb e kufizuar, por njer\u00ebzit aty jetojn\u00eb dhe duhet t\u00eb jetojn\u00eb nj\u00eb jet\u00eb t\u00eb denj\u00eb p\u00ebr njeriun, p\u00ebr k\u00ebt\u00eb arsye k\u00ebto projekte jan\u00eb t\u00eb r\u00ebnd\u00ebsishme p\u00ebr rezultatet q\u00eb sjellin.<\/p>\n<p><img loading=\"lazy\" decoding=\"async\" class=\"aligncenter size-large wp-image-43937\" src=\"https:\/\/gamn.org\/wp-content\/uploads\/2025\/02\/DSC05727-1024x683.jpg\" alt=\"\" width=\"800\" height=\"534\" srcset=\"https:\/\/gamn.org\/wp-content\/uploads\/2025\/02\/DSC05727-1024x683.jpg 1024w, https:\/\/gamn.org\/wp-content\/uploads\/2025\/02\/DSC05727-300x200.jpg 300w, https:\/\/gamn.org\/wp-content\/uploads\/2025\/02\/DSC05727-768x512.jpg 768w, https:\/\/gamn.org\/wp-content\/uploads\/2025\/02\/DSC05727-1536x1024.jpg 1536w, https:\/\/gamn.org\/wp-content\/uploads\/2025\/02\/DSC05727-2048x1365.jpg 2048w\" sizes=\"(max-width: 800px) 100vw, 800px\" \/><\/p>\n<p>Ky eveniment organizohet me mb\u00ebshtetjen e projektit rajonal SMART Balkans, i cili zbatohet nga Qendra p\u00ebr Promovimin e Shoq\u00ebris\u00eb Civile (CPCD), Qendra p\u00ebr K\u00ebrkim dhe Politik\u00ebb\u00ebrje (CRPM) dhe Instituti p\u00ebr Demokraci dhe Nd\u00ebrmjet\u00ebsim (IDM), dhe mb\u00ebshtetet financiarisht nga Ministria e Pun\u00ebve t\u00eb Jashtme t\u00eb Mbret\u00ebris\u00eb s\u00eb Norvegjis\u00eb.<\/p>\n<p>&nbsp;<\/p>\n","protected":false},"excerpt":{"rendered":"<p>\u00a0 &nbsp; &#8220;\u00c7\u00ebshtja e ndryshimit t\u00eb Kodit t\u00eb Procedur\u00ebs Penale \u00ebsht\u00eb absolutisht e pandashme nga parimi i gjykimit t\u00eb drejt\u00eb, mbrojtja e t\u00eb drejtave themelore t\u00eb njeriut, por nj\u00ebkoh\u00ebsisht edhe nga imperativi i ruajtjes s\u00eb siguris\u00eb komb\u00ebtare dhe ndjekja efektive e krimeve m\u00eb t\u00eb r\u00ebnda,&#8221; u p\u00ebrmend n\u00eb konferenc\u00ebn e sotme t\u00eb Aleanc\u00ebs Qytetare me [&hellip;]<\/p>\n","protected":false},"author":747,"featured_media":43952,"comment_status":"closed","ping_status":"closed","sticky":false,"template":"","format":"standard","meta":{"footnotes":""},"categories":[720],"tags":[],"tip":[],"acf":[],"aioseo_notices":[],"_links":{"self":[{"href":"https:\/\/gamn.org\/sq\/wp-json\/wp\/v2\/posts\/44157"}],"collection":[{"href":"https:\/\/gamn.org\/sq\/wp-json\/wp\/v2\/posts"}],"about":[{"href":"https:\/\/gamn.org\/sq\/wp-json\/wp\/v2\/types\/post"}],"author":[{"embeddable":true,"href":"https:\/\/gamn.org\/sq\/wp-json\/wp\/v2\/users\/747"}],"replies":[{"embeddable":true,"href":"https:\/\/gamn.org\/sq\/wp-json\/wp\/v2\/comments?post=44157"}],"version-history":[{"count":2,"href":"https:\/\/gamn.org\/sq\/wp-json\/wp\/v2\/posts\/44157\/revisions"}],"predecessor-version":[{"id":44159,"href":"https:\/\/gamn.org\/sq\/wp-json\/wp\/v2\/posts\/44157\/revisions\/44159"}],"wp:featuredmedia":[{"embeddable":true,"href":"https:\/\/gamn.org\/sq\/wp-json\/wp\/v2\/media\/43952"}],"wp:attachment":[{"href":"https:\/\/gamn.org\/sq\/wp-json\/wp\/v2\/media?parent=44157"}],"wp:term":[{"taxonomy":"category","embeddable":true,"href":"https:\/\/gamn.org\/sq\/wp-json\/wp\/v2\/categories?post=44157"},{"taxonomy":"post_tag","embeddable":true,"href":"https:\/\/gamn.org\/sq\/wp-json\/wp\/v2\/tags?post=44157"},{"taxonomy":"tip","embeddable":true,"href":"https:\/\/gamn.org\/sq\/wp-json\/wp\/v2\/tip?post=44157"}],"curies":[{"name":"wp","href":"https:\/\/api.w.org\/{rel}","templated":true}]}}