{"id":44164,"date":"2024-09-05T13:35:55","date_gmt":"2024-09-05T11:35:55","guid":{"rendered":"https:\/\/gamn.org\/?p=44164"},"modified":"2025-03-13T13:44:30","modified_gmt":"2025-03-13T12:44:30","slug":"hkepunimi-i-forte-midis-drejtorise-se-policise-gjyqesorit-dhe-prokurorise-eshte-nje-parakusht-per-eliminimin-e-tortures-ne-mal-te-zi","status":"publish","type":"post","link":"https:\/\/gamn.org\/sq\/hkepunimi-i-forte-midis-drejtorise-se-policise-gjyqesorit-dhe-prokurorise-eshte-nje-parakusht-per-eliminimin-e-tortures-ne-mal-te-zi\/","title":{"rendered":"hk\u00ebpunimi i fort\u00eb midis Drejtoris\u00eb s\u00eb Policis\u00eb, gjyq\u00ebsorit dhe prokuroris\u00eb \u00ebsht\u00eb nj\u00eb parakusht p\u00ebr eliminimin e tortur\u00ebs n\u00eb Mal t\u00eb Zi"},"content":{"rendered":"<p><strong>P\u00ebr eliminimin e kultur\u00ebs s\u00eb keqtrajtimit n\u00eb Mal t\u00eb Zi, \u00ebsht\u00eb e nevojshme nj\u00eb sinergji e institucioneve ky\u00e7e q\u00eb merren me k\u00ebt\u00eb problem<\/strong>, ky ishte p\u00ebrfundimi i konferenc\u00ebs rajonale \u201cSi t\u00eb krijohet nj\u00eb kultur\u00eb policore q\u00eb eliminon tortur\u00ebn\u201d, e cila u organizua sot n\u00eb Podgoric\u00eb nga Aleanca Qytetare.<\/p>\n<p><strong>Zoran Brgjanin<\/strong>, drejtor i Drejtoris\u00eb s\u00eb Policis\u00eb, theksoi p\u00ebrgjegj\u00ebsin\u00eb e p\u00ebrbashk\u00ebt t\u00eb institucioneve n\u00eb luft\u00ebn kund\u00ebr tortur\u00ebs, duke theksuar r\u00ebnd\u00ebsin\u00eb q\u00eb udh\u00ebheq\u00ebsi t\u00eb jet\u00eb ai q\u00eb ka nj\u00eb q\u00ebndrim t\u00eb qart\u00eb kund\u00ebr \u00e7do forme t\u00eb keqtrajtimit.<\/p>\n<p>\u201cHapat ky\u00e7 p\u00ebr eliminimin e tortur\u00ebs p\u00ebrfshijn\u00eb forcimin e kuadrit ligjor dhe p\u00ebrgjegj\u00ebsis\u00eb, krijimin e mekanizmave p\u00ebr raportimin dhe hetimin e keqtrajtimit, edukimin dhe trajnimin e punonj\u00ebsve policor\u00eb, mb\u00ebshtetjen psikologjike, mb\u00ebshtetjen dhe mbik\u00ebqyrjen teknologjike, nd\u00ebrgjegj\u00ebsimin publik dhe presionin qytetar p\u00ebrmes p\u00ebrmir\u00ebsimit t\u00eb praktik\u00ebs gjyq\u00ebsore dhe prokuroriale\u201d, tha Brgjanin.<\/p>\n<p><img fetchpriority=\"high\" decoding=\"async\" class=\"aligncenter size-large wp-image-43262\" src=\"https:\/\/gamn.org\/wp-content\/uploads\/2024\/09\/GA-konferencija-tortura_12-1024x681.jpg\" alt=\"\" width=\"800\" height=\"532\" srcset=\"https:\/\/gamn.org\/wp-content\/uploads\/2024\/09\/GA-konferencija-tortura_12-1024x681.jpg 1024w, https:\/\/gamn.org\/wp-content\/uploads\/2024\/09\/GA-konferencija-tortura_12-300x200.jpg 300w, https:\/\/gamn.org\/wp-content\/uploads\/2024\/09\/GA-konferencija-tortura_12-768x511.jpg 768w, https:\/\/gamn.org\/wp-content\/uploads\/2024\/09\/GA-konferencija-tortura_12-1536x1022.jpg 1536w, https:\/\/gamn.org\/wp-content\/uploads\/2024\/09\/GA-konferencija-tortura_12-2048x1363.jpg 2048w\" sizes=\"(max-width: 800px) 100vw, 800px\" \/><\/p>\n<p>I pyetur p\u00ebr t\u00eb komentuar veprimin e policis\u00eb gjat\u00eb ceremonis\u00eb s\u00eb shugurimit t\u00eb mitropolitit Joanikije n\u00eb Cetinj\u00eb \u2013 nga e cila kan\u00eb kaluar sakt\u00ebsisht tre vjet \u2013 Brgjanin k\u00ebrkoi falje p\u00ebr t\u00eb gjith\u00eb ata q\u00eb ndjen\u00eb pasojat e p\u00ebrdorimit t\u00eb mjeteve t\u00eb forc\u00ebs, duke theksuar se kishte nj\u00eb num\u00ebr t\u00eb konsideruesh\u00ebm personash q\u00eb nuk e meritonin k\u00ebt\u00eb.<\/p>\n<p>\u201cPa relativizuar l\u00ebndimet e askujt, mund t\u00eb them se shkalla e p\u00ebrdorimit t\u00eb mjeteve t\u00eb forces ka q\u00ebn\u00eb proporcionale me pasojat q\u00eb kan\u00eb ndodhur. Si rezultat i atij aksioni, askush nuk humbi jet\u00ebn, nuk pati l\u00ebndime t\u00eb r\u00ebnda trupore dhe as persona t\u00eb shtruar n\u00eb spital\u201d, tha ai.<\/p>\n<p><strong>Danka Gjeriq Ivanoviq<\/strong>, prokurore n\u00eb Prokurorin\u00eb e Lart\u00eb t\u00eb Shtetit, iu referua problemit t\u00eb solidaritetit policor, i cili, sipas saj, zvog\u00eblon efikasitetin e bashk\u00ebpunimit me Drejtorin\u00eb e Policis\u00eb dhe Gjykat\u00ebn Themelore.<\/p>\n<p>&#8220;Prokuroria nuk merr t\u00eb dh\u00ebna mjaft cil\u00ebsore q\u00eb do t\u00eb ndihmonin identifikimin e punonj\u00ebsve t\u00eb policis\u00eb q\u00eb kryejn\u00eb tortura. Na nevojitet nj\u00eb bashk\u00ebpunim m\u00eb i mir\u00eb me personelin mjek\u00ebsor dhe sh\u00ebndet\u00ebsor, pasi kemi pasur raste me l\u00ebndime t\u00eb p\u00ebrshkruera sip\u00ebrfaq\u00ebsisht, gj\u00eb q\u00eb m\u00eb von\u00eb krijon problem gjat\u00eb procesit t\u00eb prov\u00ebs\u201d, tha Gjeriq Ivanoviq.<\/p>\n<p><img decoding=\"async\" class=\"aligncenter size-large wp-image-43271\" src=\"https:\/\/gamn.org\/wp-content\/uploads\/2024\/09\/GA-konferencija-tortura_07-1024x681.jpg\" alt=\"\" width=\"800\" height=\"532\" srcset=\"https:\/\/gamn.org\/wp-content\/uploads\/2024\/09\/GA-konferencija-tortura_07-1024x681.jpg 1024w, https:\/\/gamn.org\/wp-content\/uploads\/2024\/09\/GA-konferencija-tortura_07-300x200.jpg 300w, https:\/\/gamn.org\/wp-content\/uploads\/2024\/09\/GA-konferencija-tortura_07-768x511.jpg 768w, https:\/\/gamn.org\/wp-content\/uploads\/2024\/09\/GA-konferencija-tortura_07-1536x1022.jpg 1536w, https:\/\/gamn.org\/wp-content\/uploads\/2024\/09\/GA-konferencija-tortura_07-2048x1363.jpg 2048w\" sizes=\"(max-width: 800px) 100vw, 800px\" \/><\/p>\n<p><strong>Zheljka Jovoviq<\/strong>, kryetare e Gjykat\u00ebs Themelore n\u00eb Podgoric\u00eb, deklaroi se aktualisht po zhvillohen shtat\u00eb procese gjyq\u00ebsore kund\u00ebr 16 punonj\u00ebsve t\u00eb policis\u00eb p\u00ebr vepra penale q\u00eb bien n\u00eb kategorin\u00eb e tortur\u00ebs. Si nj\u00eb problem t\u00eb madh, ajo theksoi munges\u00ebn kronike t\u00eb gjykat\u00ebsve, gj\u00eb q\u00eb pengon zhvillimin e proceseve efikase dhe drejt\u00ebsin\u00eb e shpejt\u00eb.<\/p>\n<p>N\u00eb panelin e dyt\u00eb t\u00eb titulluar \u201cKush t\u00eb dhemb m\u00eb shum\u00eb, rrahja apo padrejt\u00ebsia?\u201d, Millorad Mijo Martinoviq, i cili p\u00ebrjetoi tortura brutale policore n\u00eb vitin 2015, iu referua detajeve t\u00eb asaj ngjarjeje, duke mos akuzuar autor\u00ebt e drejtp\u00ebrdrejt\u00eb t\u00eb sulmit, por ekskluzivisht duke k\u00ebrkuar q\u00eb t\u00eb p\u00ebrcaktohet p\u00ebrgjegj\u00ebsia komanduese, gjegj\u00ebsisht emri dhe mbiemri i atij q\u00eb dha k\u00ebt\u00eb urdh\u00ebr.<\/p>\n<p><img decoding=\"async\" class=\"aligncenter size-large wp-image-43277\" src=\"https:\/\/gamn.org\/wp-content\/uploads\/2024\/09\/GA-konferencija-tortura_08-1024x681.jpg\" alt=\"\" width=\"800\" height=\"532\" srcset=\"https:\/\/gamn.org\/wp-content\/uploads\/2024\/09\/GA-konferencija-tortura_08-1024x681.jpg 1024w, https:\/\/gamn.org\/wp-content\/uploads\/2024\/09\/GA-konferencija-tortura_08-300x200.jpg 300w, https:\/\/gamn.org\/wp-content\/uploads\/2024\/09\/GA-konferencija-tortura_08-768x511.jpg 768w, https:\/\/gamn.org\/wp-content\/uploads\/2024\/09\/GA-konferencija-tortura_08-1536x1022.jpg 1536w, https:\/\/gamn.org\/wp-content\/uploads\/2024\/09\/GA-konferencija-tortura_08-2048x1363.jpg 2048w\" sizes=\"(max-width: 800px) 100vw, 800px\" \/><\/p>\n<p>\u201cAt\u00eb nat\u00eb hidh\u00ebrimi ma mposhti dhimbjen. Nuk e dija se n\u00eb aktivitetet e mia qytetare, njer\u00ebzore, morale dhe sportive kam shkelur nj\u00eb min\u00eb q\u00eb p\u00ebrfaq\u00ebson vjedhjen e burimeve shtet\u00ebrore dhe k\u00ebt\u00eb e mora vesh disa muaj m\u00eb pare\u201d, tha Martinoviq.<\/p>\n<p>Ai theksoi se beson se grupi i ri i autoriteteve do t\u00eb ndryshoj\u00eb realisht kultur\u00ebn e sjelljes s\u00eb policis\u00eb dhe se do t\u00eb jet\u00eb simbol i mbrojtjes dhe liris\u00eb s\u00eb qytetar\u00ebve.<\/p>\n<p>Drejtori i programit t\u00eb Aleanc\u00ebs Qytetare, <strong>Millan Radoviq<\/strong>, prezantoi n\u00eb k\u00ebt\u00eb aktivitet rekomandimet kryesore t\u00eb raportit p\u00ebr sistemin gjyq\u00ebsor t\u00eb p\u00ebrgatitur nga Komisioni Nd\u00ebrkomb\u00ebtar i Jurist\u00ebve nga Brukseli, t\u00eb cilat p\u00ebrfshijn\u00eb p\u00ebrjashtimin e Ministrit t\u00eb Drejt\u00ebsis\u00eb nga K\u00ebshilli Gjyq\u00ebsor, rishikimin e p\u00ebrkufizimit t\u00eb &#8220;jurist i shquar&#8221;, respektimin e numrit t\u00eb mandateve p\u00ebr kryetar\u00ebt e gjykatave, si dhe domosdoshm\u00ebrin\u00eb e pavarsis\u00eb financiare t\u00eb gjyqtar\u00ebve.<\/p>\n<p><img loading=\"lazy\" decoding=\"async\" class=\"aligncenter size-large wp-image-43274\" src=\"https:\/\/gamn.org\/wp-content\/uploads\/2024\/09\/GA-konferencija-tortura_02-1024x681.jpg\" alt=\"\" width=\"800\" height=\"532\" srcset=\"https:\/\/gamn.org\/wp-content\/uploads\/2024\/09\/GA-konferencija-tortura_02-1024x681.jpg 1024w, https:\/\/gamn.org\/wp-content\/uploads\/2024\/09\/GA-konferencija-tortura_02-300x200.jpg 300w, https:\/\/gamn.org\/wp-content\/uploads\/2024\/09\/GA-konferencija-tortura_02-768x511.jpg 768w, https:\/\/gamn.org\/wp-content\/uploads\/2024\/09\/GA-konferencija-tortura_02-1536x1022.jpg 1536w, https:\/\/gamn.org\/wp-content\/uploads\/2024\/09\/GA-konferencija-tortura_02-2048x1363.jpg 2048w\" sizes=\"(max-width: 800px) 100vw, 800px\" \/><\/p>\n<p><strong>Vlladica Ili\u0107 <\/strong>nga Qendra p\u00ebr t\u00eb Drejtat e Njeriut e Beogradit, duke paraqitur raportin &#8220;Monitorimi i gjykimeve p\u00ebr krime tortur\u00eb dhe shkelje t\u00eb tjera t\u00eb r\u00ebnda t\u00eb t\u00eb drejtave t\u00eb njeriut&#8221;, theksoi se hetimet p\u00ebr rastet e tortur\u00ebs duhet t\u00eb kryhen me nj\u00eb shpejt\u00ebsi t\u00eb arsyeshme. Ai kujtoi se nisja e vonuar e shqyrtimeve ka \u00e7uar n\u00eb faktin se viktimat e tortur\u00ebs n\u00eb \u00e7\u00ebshtjet e njohura si \u201cBoljeviq\u201d dhe \u201cMugosha\u201d jan\u00eb d\u00ebgjuar vet\u00ebm tri vjet pas ngjarjes kritike.<\/p>\n<p>Konferenca rajonale &#8220;Si t\u00eb krijojm\u00eb nj\u00eb kultur\u00eb policore q\u00eb eliminon tortur\u00ebn&#8221; u realizua n\u00eb kuad\u00ebr t\u00eb projektit \u201cKundra mosnd\u00ebshkimit p\u00ebr shkeljen e t\u00eb drejtave t\u00eb njeriut n\u00eb Mal t\u00eb Zi\u201d me mb\u00ebshtetje financiare nga Komisioni Evropian dhe kofinancim nga Ministria e Administrat\u00ebs Publike.<\/p>\n<p><img loading=\"lazy\" decoding=\"async\" class=\"aligncenter size-large wp-image-43265\" src=\"https:\/\/gamn.org\/wp-content\/uploads\/2024\/09\/GA-konferencija-tortura_16-1024x681.jpg\" alt=\"\" width=\"800\" height=\"532\" srcset=\"https:\/\/gamn.org\/wp-content\/uploads\/2024\/09\/GA-konferencija-tortura_16-1024x681.jpg 1024w, https:\/\/gamn.org\/wp-content\/uploads\/2024\/09\/GA-konferencija-tortura_16-300x200.jpg 300w, https:\/\/gamn.org\/wp-content\/uploads\/2024\/09\/GA-konferencija-tortura_16-768x511.jpg 768w, https:\/\/gamn.org\/wp-content\/uploads\/2024\/09\/GA-konferencija-tortura_16-1536x1022.jpg 1536w, https:\/\/gamn.org\/wp-content\/uploads\/2024\/09\/GA-konferencija-tortura_16-2048x1363.jpg 2048w\" sizes=\"(max-width: 800px) 100vw, 800px\" \/><\/p>\n","protected":false},"excerpt":{"rendered":"<p>P\u00ebr eliminimin e kultur\u00ebs s\u00eb keqtrajtimit n\u00eb Mal t\u00eb Zi, \u00ebsht\u00eb e nevojshme nj\u00eb sinergji e institucioneve ky\u00e7e q\u00eb merren me k\u00ebt\u00eb problem, ky ishte p\u00ebrfundimi i konferenc\u00ebs rajonale \u201cSi t\u00eb krijohet nj\u00eb kultur\u00eb policore q\u00eb eliminon tortur\u00ebn\u201d, e cila u organizua sot n\u00eb Podgoric\u00eb nga Aleanca Qytetare. Zoran Brgjanin, drejtor i Drejtoris\u00eb s\u00eb Policis\u00eb, [&hellip;]<\/p>\n","protected":false},"author":747,"featured_media":43268,"comment_status":"closed","ping_status":"closed","sticky":false,"template":"","format":"standard","meta":{"footnotes":""},"categories":[720],"tags":[],"tip":[],"acf":[],"aioseo_notices":[],"_links":{"self":[{"href":"https:\/\/gamn.org\/sq\/wp-json\/wp\/v2\/posts\/44164"}],"collection":[{"href":"https:\/\/gamn.org\/sq\/wp-json\/wp\/v2\/posts"}],"about":[{"href":"https:\/\/gamn.org\/sq\/wp-json\/wp\/v2\/types\/post"}],"author":[{"embeddable":true,"href":"https:\/\/gamn.org\/sq\/wp-json\/wp\/v2\/users\/747"}],"replies":[{"embeddable":true,"href":"https:\/\/gamn.org\/sq\/wp-json\/wp\/v2\/comments?post=44164"}],"version-history":[{"count":1,"href":"https:\/\/gamn.org\/sq\/wp-json\/wp\/v2\/posts\/44164\/revisions"}],"predecessor-version":[{"id":44165,"href":"https:\/\/gamn.org\/sq\/wp-json\/wp\/v2\/posts\/44164\/revisions\/44165"}],"wp:featuredmedia":[{"embeddable":true,"href":"https:\/\/gamn.org\/sq\/wp-json\/wp\/v2\/media\/43268"}],"wp:attachment":[{"href":"https:\/\/gamn.org\/sq\/wp-json\/wp\/v2\/media?parent=44164"}],"wp:term":[{"taxonomy":"category","embeddable":true,"href":"https:\/\/gamn.org\/sq\/wp-json\/wp\/v2\/categories?post=44164"},{"taxonomy":"post_tag","embeddable":true,"href":"https:\/\/gamn.org\/sq\/wp-json\/wp\/v2\/tags?post=44164"},{"taxonomy":"tip","embeddable":true,"href":"https:\/\/gamn.org\/sq\/wp-json\/wp\/v2\/tip?post=44164"}],"curies":[{"name":"wp","href":"https:\/\/api.w.org\/{rel}","templated":true}]}}